{"id":98830,"date":"2023-04-12T16:16:41","date_gmt":"2023-04-12T14:16:41","guid":{"rendered":"https:\/\/factorialhr.com\/blog\/?p=98830"},"modified":"2023-04-12T16:16:41","modified_gmt":"2023-04-12T14:16:41","slug":"trabajo-remoto-medio-ambiente","status":"publish","type":"post","link":"https:\/\/factorialhr.co\/blog\/trabajo-remoto-medio-ambiente\/","title":{"rendered":"Trabajo en remoto: \u00bfuna opci\u00f3n m\u00e1s respetuosa con el medio ambiente?"},"content":{"rendered":"<p><span style=\"font-weight: 400;\">En los \u00faltimos a\u00f1os, y especialmente tras la llegada de la pandemia de la covid-19, el n\u00famero de personas que teletrabajan se ha disparado.<\/span><a href=\"https:\/\/www.mintic.gov.co\/portal\/inicio\/Sala-de-prensa\/179742:Colombia-supero-los-209-000-teletrabajadores-en-2020-Ministerio-de-las-TIC\"> <span style=\"font-weight: 400;\">Seg\u00fan datos del Ministerio de tecnolog\u00edas de la informaci\u00f3n y las comunicaciones de Colombia<\/span><\/a><span style=\"font-weight: 400;\">, <strong>la cifra de colombianos que <a href=\"https:\/\/factorialhr.co\/blog\/recursos-tecnologicos-empresa\/\">con un trabajo en remoto<\/a> fue durante el a\u00f1o 2020 de 209.000 personas.\u00a0<\/strong><\/span><\/p>\n<p><span style=\"font-weight: 400;\">Si comparamos esa cifra con la que hab\u00eda en 2018, 122.278, vemos que pr\u00e1cticamente se duplic\u00f3, alcanzando <strong>un 71% de incremento.<\/strong> Estos cambios, que principalmente se han dado en sectores como las tecnolog\u00edas digitales y las actividades profesionales cient\u00edficas, t\u00e9cnicas y financieras, han permitido a esos trabajadores aumentar su nivel de conciliaci\u00f3n entre la vida personal y la laboral. Gracias a esto, muchos trabajadores y trabajadoras tambi\u00e9n han podido aprovechar m\u00e1s su tiempo, al eliminar los desplazamientos hacia su puesto de trabajo.<\/span><\/p>\n<p><span style=\"font-weight: 400;\">Pero, aparte de esas mejoras, actualmente muchos expertos internacionales se est\u00e1n preguntando si este cambio, m\u00e1s all\u00e1 de esos beneficios personales, <strong>est\u00e1 teniendo un impacto positivo o negativo desde el punto de vista medioambiental.\u00a0<\/strong><\/span><\/p>\n<p><span style=\"font-weight: 400;\">Seg\u00fan Eva Rimbau, profesora de los Estudios de Econom\u00eda y Empresa y experta en recursos humanos y teletrabajo de la Universitat Oberta de Catalunya (UOC), la respuesta es compleja y depende de muchos factores. \u201cEn general, <strong>las personas que quieren trabajar a distancia destacan como punto m\u00e1s positivo que el teletrabajo les evita desplazamientos, facilita la gesti\u00f3n del tiempo de trabajo, hace posible la conciliaci\u00f3n con la vida personal y permite aprovechar m\u00e1s el tiempo\u201d.\u00a0<\/strong><\/span><\/p>\n<h2><b>De qu\u00e9 depende el impacto medioambiental del trabajo en remoto<\/b><\/h2>\n<p><span style=\"font-weight: 400;\">Para analizar correctamente el impacto que estos cambios de h\u00e1bitos de los teletrabajadores tienen sobre el medioambiente, es interesante consultar, por ejemplo, <\/span><a href=\"https:\/\/www.eurofound.europa.eu\/es\/publications\/blog\/is-telework-really-a-green-choice\"><span style=\"font-weight: 400;\">un informe del organismo de la Uni\u00f3n Europea, Eurofound<\/span><\/a><span style=\"font-weight: 400;\">, publicado recientemente, que destaca que la evaluaci\u00f3n de <strong>los beneficios medioambientales del teletrabajo es una tarea compleja<\/strong>, porque aumentar el teletrabajo supone una serie de cambios en las vidas y las actividades cotidianas de los individuos, y conlleva decisiones en el \u00e1mbito de la empresa que pueden influir de forma positiva o negativa en el nivel de emisiones de gases de efecto invernadero.<\/span><\/p>\n<p><span style=\"font-weight: 400;\">Entre los factores que destaca la profesora Rimbau como determinantes a la hora de saber si el teletrabajo contamina m\u00e1s o menos, podemos encontrar:<\/span><\/p>\n<ul>\n<li style=\"font-weight: 400;\" aria-level=\"1\"><span style=\"font-weight: 400;\">La frecuencia del teletrabajo (uno o dos d\u00edas a la semana, o m\u00e1s habitualmente).<\/span><\/li>\n<li style=\"font-weight: 400;\" aria-level=\"1\"><span style=\"font-weight: 400;\">La distancia recorrida y la duraci\u00f3n del viaje (muy corta, mediana o larga).<\/span><\/li>\n<li style=\"font-weight: 400;\" aria-level=\"1\"><span style=\"font-weight: 400;\">La intensidad de emisi\u00f3n del medio de transporte utilizado (por ejemplo, coche di\u00e9sel o gasolina, veh\u00edculo el\u00e9ctrico o transporte p\u00fablico).<\/span><\/li>\n<li style=\"font-weight: 400;\" aria-level=\"1\"><span style=\"font-weight: 400;\">La ocupaci\u00f3n del coche durante los desplazamientos (si solo va el conductor o si es un coche compartido).<\/span><\/li>\n<\/ul>\n<p><span style=\"font-weight: 400;\">Seg\u00fan la profesora, seg\u00fan<strong> \u201cc\u00f3mo se combinen estos factores, se producir\u00e1n impactos ambientales diferentes.<\/strong> Es evidente, por ejemplo, que quien trabaje en remoto m\u00e1s frecuentemente generar\u00e1 menos emisiones de gases de efecto invernadero que quien viaje solo en coche (de gasolina o di\u00e9sel) y recorra una larga distancia&#8221;, afirma la experta.<\/span><\/p>\n<p><strong><em>Lee tambi\u00e9n \u2013\u00a0<a href=\"https:\/\/factorialhr.co\/blog\/empresa-ecologica-sostenible\/\">Diez formas de hacer tu empresa m\u00e1s ecol\u00f3gica y sostenible<\/a><\/em><\/strong><\/p>\n<h2><b>Los posibles efectos negativos del teletrabajo en el medioambiente<\/b><\/h2>\n<p><span style=\"font-weight: 400;\">Los cambios de h\u00e1bitos de los trabajadores y trabajadoras cuando teletrabajan tambi\u00e9n pueden influir negativamente en los niveles de contaminaci\u00f3n y en el consumo de recursos. <strong>\u201cEl efecto negativo m\u00e1s evidente y que contrarresta, en parte, los beneficios de la reducci\u00f3n de los viajes, es el aumento del uso de energ\u00eda en los hogares, dado que los teletrabajadores tienen m\u00e1s necesidad de calefacci\u00f3n, refrigeraci\u00f3n, iluminaci\u00f3n, internet, cocina, material de oficina, etc.\u201d<\/strong>, afirma la profesora Rimbau. <\/span><\/p>\n<p><span style=\"font-weight: 400;\">&#8220;Adem\u00e1s, la posibilidad de aprovechar el teletrabajo y evitar los viajes algunos d\u00edas a la semana podr\u00eda hacer que los trabajadores estuvieran m\u00e1s dispuestos a aceptar una mayor distancia los d\u00edas que van a la oficina. Esto podr\u00eda llegar a compensar el ahorro de emisiones que habr\u00edan conseguido los d\u00edas de teletrabajo&#8221;, destaca.<\/span><\/p>\n \n <!--HubSpot Call-to-Action Code -->\n    <span class=\"hs-cta-wrapper\" id=\"hs-cta-wrapper-64b926e0-8ea6-45b4-b58d-6915a535ee84\">\n        <span class=\"hs-cta-node hs-cta-64b926e0-8ea6-45b4-b58d-6915a535ee84\" id=\"64b926e0-8ea6-45b4-b58d-6915a535ee84\">\n            <a href=\"https:\/\/cta-redirect.hubspot.com\/cta\/redirect\/4960096\/64b926e0-8ea6-45b4-b58d-6915a535ee84\">\n                <img decoding=\"async\" class=\"lazyload hs-cta-img\" id=\"hs-cta-img-64b926e0-8ea6-45b4-b58d-6915a535ee84\" style=\"border-width:0px;\" src=\"https:\/\/no-cache.hubspot.com\/cta\/default\/4960096\/64b926e0-8ea6-45b4-b58d-6915a535ee84.png\"  alt=\"\u201cebook\" width=\"\u201c900\u201d\" height=\"\u201c308\u201d\" \/>\n            <\/a>\n        <\/span>\n        <script type=\"text\/javascript\">\n            function loadCTA(){\n                window.hbspt.cta.load(4960096, '64b926e0-8ea6-45b4-b58d-6915a535ee84', {'region': 'eu1'})\n            }\n            if(window.hbspt){\n                loadCTA()\n            }else{\n                Defer.js(\n                    'https:\/\/js.hubspot.com\/cta\/current.js',\n                    'hubspotCTA', \n                    0, \n                    loadCTA\n                );\n            }\n        <\/script>\n    <\/span>\n<!-- end HubSpot Call-to-Action Code -->\n\n<h2><b>Menos trabajo en remoto tras la pandemia<\/b><\/h2>\n<p><span style=\"font-weight: 400;\">Seg\u00fan la profesora Eva Rimbau, quiz\u00e1 el mayor problema para que el teletrabajo influya positivamente en el medioambiente es que, tras haberse controlado la pandemia, muchas empresas han ido reduciendo poco a poco el n\u00famero de equipos con trabajo en remoto.<\/span><\/p>\n<p><span style=\"font-weight: 400;\">Eso mismo se aprecia, por ejemplo, en un informe citado en el portal<\/span><a href=\"https:\/\/www.elempleo.com\/co\/noticias\/investigacion-laboral\/se-esta-acabando-el-teletrabajo-en-colombia-7147\"> <i><span style=\"font-weight: 400;\">El empleo<\/span><\/i><\/a><span style=\"font-weight: 400;\">, que analiz\u00f3 c\u00f3mo se hab\u00edan comportado 200 empresas colombianas con respeto al teletrabajo y el trabajo presencial. Los resultados del estudio mostraron que en sectores como el <\/span><i><span style=\"font-weight: 400;\">retail<\/span><\/i><span style=\"font-weight: 400;\">, la miner\u00eda y la agricultura, <strong>se hab\u00edan registrado crecimientos de un 100% en la parte del trabajo que se realiza presencialmente.<\/strong> Estos n\u00fameros tienen todo el sentido en este tipo de sectores, ya que es muy dif\u00edcil realizar el trabajo de miner\u00eda o agr\u00edcola de forma remota.<\/span><\/p>\n<p><span style=\"font-weight: 400;\">Estos datos concordar\u00edan perfectamente con los expuestos por la Andi (Asociaci\u00f3n Nacional de Empresarios de Colombia), que afirmaban que durante el \u00faltimo a\u00f1o,<strong> el 96,8% de las empresas hab\u00edan empezado a trabajar de forma presencial, mientras que solo un 36,8 % de las compa\u00f1\u00edas mantuvieron parte del personal bajo la modalidad trabajo en casa.<\/strong> <\/span><\/p>\n<p><span style=\"font-weight: 400;\">\u201cEs necesario destacar que a lo largo del tiempo el teletrabajo ha ido disminuyendo gradualmente, tanto en la modalidad habitual como en la modalidad ocasional\u201d, afirma Rimbau. \u201cExisten personas con empleos que no les permiten hacer trabajo en remoto, bien porque se trata de un trabajo de producci\u00f3n de bienes materiales, como la agricultura, la industria manufacturera o la construcci\u00f3n, o bien porque es un sector en el que prevalece la atenci\u00f3n f\u00edsica al p\u00fablico, como la hosteler\u00eda y el comercio\u201d.<\/span><\/p>\n<p><span style=\"font-weight: 400;\">De todos modos, y seg\u00fan el mismo informe, muchas empresas han mantenido, pese a aumentar sus cifras de presencialidad, un modelo de <a href=\"https:\/\/factorialhr.co\/blog\/plan-reclutamiento-interno\/\">trabajo h\u00edbrido<\/a>, por el que los trabajadores y trabajadoras acuden a la oficina solo unos cuantos d\u00edas a la semana. Hay algunos sectores como el de servicio al cliente que siguen manteniendo en Colombia un n\u00famero nada despreciable de teletrabajadores, <strong>que alcanza el 10,5%.<\/strong><\/span><\/p>\n<p><span style=\"font-weight: 400;\">Debido a esto, es posible que todav\u00eda siga habiendo m\u00e1s teletrabajadores que antes del inicio de la pandemia, pero el posible impacto, positivo o negativo, de su actividad, ser\u00e1 menor del que pod\u00eda esperarse cuando se produjo un cambio masivo hacia el trabajo en casa.<\/span><\/p>\n<p><strong><em>Te puede interesar \u2013\u00a0<a href=\"https:\/\/factorialhr.co\/blog\/motivar-equipos-en-remoto\/\">C\u00f3mo motivar a los equipos cuando trabajan en remoto<\/a><\/em><\/strong><\/p>\n<h2><b>\u00bfY qu\u00e9 hay del regreso a la vida rural?<\/b><\/h2>\n<p><span style=\"font-weight: 400;\">Cuando lleg\u00f3 la pandemia tambi\u00e9n se produjo en muchos pa\u00edses del mundo un movimiento de personas que se trasladaban a vivir al campo, huyendo de las ciudades. Parec\u00eda que la covid-19 y el teletrabajo pod\u00edan traer una nueva edad dorada para los pueblos, pero esto no ha resultado exactamente as\u00ed.\u00a0<\/span><\/p>\n<p><strong><em>Lee tambi\u00e9n \u2013\u00a0<a href=\"https:\/\/factorialhr.co\/blog\/nomadas-digitales\/\">N\u00f3madas digitales: \u00bfmoda pasajera o tendencia laboral con futuro?<\/a><\/em><\/strong><\/p>\n<p><span style=\"font-weight: 400;\">Seg\u00fan algunos estudios que se realizaron, como por ejemplo el publicado en la revista <\/span><i><span style=\"font-weight: 400;\">Perspectives Demogr\u00e0fiques<\/span><\/i><span style=\"font-weight: 400;\">, del Centro de Estudios Demogr\u00e1ficos, titulado \u201c<\/span><a href=\"https:\/\/ced.cat\/PD\/PerspectivesDemografiques_026_ESP.pdf\"><span style=\"font-weight: 400;\">Cambios de residencia en tiempos de COVID-19: un poco de ox\u00edgeno para el despoblamiento rural<\/span><\/a><span style=\"font-weight: 400;\">\u201d, <strong>la mayor parte de las migraciones internas fueron entre ciudades, igual que antes de la pandemia<\/strong>, y todo apunta que se trat\u00f3 de un hecho coyuntural.<\/span><\/p>\n","protected":false},"excerpt":{"rendered":"<p>En los \u00faltimos a\u00f1os, y especialmente tras la llegada de la pandemia de la covid-19, el n\u00famero de personas que teletrabajan se ha disparado. Seg\u00fan datos del Ministerio de tecnolog\u00edas de la informaci\u00f3n y las comunicaciones de Colombia, la cifra de colombianos que con un trabajo en remoto fue durante el a\u00f1o 2020 de 209.000<a href=\"https:\/\/factorialhr.co\/blog\/trabajo-remoto-medio-ambiente\/\" class=\"read-more\"> [&#8230;]<\/a><\/p>\n","protected":false},"author":179,"featured_media":98832,"comment_status":"closed","ping_status":"closed","sticky":false,"template":"","format":"standard","meta":{"_acf_changed":false,"footnotes":""},"categories":[316],"tags":[],"class_list":["post-98830","post","type-post","status-publish","format-standard","has-post-thumbnail","hentry","category-digitalizacion-2"],"acf":{"topics":false},"yoast_head":"<!-- This site is optimized with the Yoast SEO Premium plugin v21.5 (Yoast SEO v21.9.1) - https:\/\/yoast.com\/wordpress\/plugins\/seo\/ -->\n<title>Trabajo en remoto: \u00bfuna opci\u00f3n m\u00e1s respetuosa con el medio ambiente? | Factorial<\/title>\n<meta name=\"description\" content=\"El aumento del trabajo en remoto ha supuesto una mejora de la conciliaci\u00f3n entre la vida personal y laboral pero, c\u00f3mo ha influido en el medio ambiente.\" \/>\n<meta name=\"robots\" content=\"index, follow, max-snippet:-1, max-image-preview:large, max-video-preview:-1\" \/>\n<link rel=\"canonical\" href=\"https:\/\/factorialhr.co\/blog\/trabajo-remoto-medio-ambiente\/\" \/>\n<meta property=\"og:locale\" content=\"es_ES\" \/>\n<meta property=\"og:type\" content=\"article\" \/>\n<meta property=\"og:title\" content=\"Trabajo en remoto: \u00bfuna opci\u00f3n m\u00e1s respetuosa con el medio ambiente?\" \/>\n<meta property=\"og:description\" content=\"El aumento del trabajo en remoto ha supuesto una mejora de la conciliaci\u00f3n entre la vida personal y laboral pero, c\u00f3mo ha influido en el medio ambiente.\" \/>\n<meta property=\"og:url\" content=\"https:\/\/factorialhr.co\/blog\/trabajo-remoto-medio-ambiente\/\" \/>\n<meta property=\"og:site_name\" content=\"Factorial\" \/>\n<meta property=\"article:publisher\" content=\"https:\/\/www.facebook.com\/people\/Factorial\/100064908455810\/\" \/>\n<meta property=\"article:published_time\" content=\"2023-04-12T14:16:41+00:00\" \/>\n<meta property=\"og:image\" content=\"https:\/\/factorialhr.co\/wp-content\/uploads\/2023\/04\/12145438\/teletrabajo-opcion-laboral-respetuosa-medio-ambiente.jpg\" \/>\n\t<meta property=\"og:image:width\" content=\"1000\" \/>\n\t<meta property=\"og:image:height\" content=\"500\" \/>\n\t<meta property=\"og:image:type\" content=\"image\/jpeg\" \/>\n<meta name=\"author\" content=\"Juanjo Villalba\" \/>\n<meta name=\"twitter:card\" content=\"summary_large_image\" \/>\n<meta name=\"twitter:creator\" content=\"@factorialapp\" \/>\n<meta name=\"twitter:site\" content=\"@factorialapp\" \/>\n<meta name=\"twitter:label1\" content=\"Written by\" \/>\n\t<meta name=\"twitter:data1\" content=\"Juanjo Villalba\" \/>\n\t<meta name=\"twitter:label2\" content=\"Est. reading time\" \/>\n\t<meta name=\"twitter:data2\" content=\"6 minutes\" \/>\n<script type=\"application\/ld+json\" class=\"yoast-schema-graph\">{\"@context\":\"https:\/\/schema.org\",\"@graph\":[{\"@type\":\"Article\",\"@id\":\"https:\/\/factorialhr.co\/blog\/trabajo-remoto-medio-ambiente\/#article\",\"isPartOf\":{\"@id\":\"https:\/\/factorialhr.co\/blog\/trabajo-remoto-medio-ambiente\/\"},\"author\":{\"name\":\"Juanjo Villalba\",\"@id\":\"https:\/\/factorialhr.co\/blog\/#\/schema\/person\/e6546176671e7b921fae1e683f79d27c\"},\"headline\":\"Trabajo en remoto: \u00bfuna opci\u00f3n m\u00e1s respetuosa con el medio ambiente?\",\"datePublished\":\"2023-04-12T14:16:41+00:00\",\"dateModified\":\"2023-04-12T14:16:41+00:00\",\"mainEntityOfPage\":{\"@id\":\"https:\/\/factorialhr.co\/blog\/trabajo-remoto-medio-ambiente\/\"},\"wordCount\":1291,\"publisher\":{\"@id\":\"https:\/\/factorialhr.co\/blog\/#organization\"},\"articleSection\":[\"Digitalizaci\u00f3n\"],\"inLanguage\":\"es-CO\"},{\"@type\":\"WebPage\",\"@id\":\"https:\/\/factorialhr.co\/blog\/trabajo-remoto-medio-ambiente\/\",\"url\":\"https:\/\/factorialhr.co\/blog\/trabajo-remoto-medio-ambiente\/\",\"name\":\"Trabajo en remoto: \u00bfuna opci\u00f3n m\u00e1s respetuosa con el medio ambiente? | Factorial\",\"isPartOf\":{\"@id\":\"https:\/\/factorialhr.co\/blog\/#website\"},\"datePublished\":\"2023-04-12T14:16:41+00:00\",\"dateModified\":\"2023-04-12T14:16:41+00:00\",\"description\":\"El aumento del trabajo en remoto ha supuesto una mejora de la conciliaci\u00f3n entre la vida personal y laboral pero, c\u00f3mo ha influido en el medio ambiente.\",\"inLanguage\":\"es-CO\",\"potentialAction\":[{\"@type\":\"ReadAction\",\"target\":[\"https:\/\/factorialhr.co\/blog\/trabajo-remoto-medio-ambiente\/\"]}]},{\"@type\":\"WebSite\",\"@id\":\"https:\/\/factorialhr.co\/blog\/#website\",\"url\":\"https:\/\/factorialhr.co\/blog\/\",\"name\":\"Factorial\",\"description\":\"\",\"publisher\":{\"@id\":\"https:\/\/factorialhr.co\/blog\/#organization\"},\"potentialAction\":[{\"@type\":\"SearchAction\",\"target\":{\"@type\":\"EntryPoint\",\"urlTemplate\":\"https:\/\/factorialhr.co\/blog\/?s={search_term_string}\"},\"query-input\":\"required name=search_term_string\"}],\"inLanguage\":\"es-CO\"},{\"@type\":\"Organization\",\"@id\":\"https:\/\/factorialhr.co\/blog\/#organization\",\"name\":\"All-in-one business management software - Factorial\",\"url\":\"https:\/\/factorialhr.co\/blog\/\",\"logo\":{\"@type\":\"ImageObject\",\"inLanguage\":\"es-CO\",\"@id\":\"https:\/\/factorialhr.co\/blog\/#\/schema\/logo\/image\/\",\"url\":\"https:\/\/factorialhr.co\/wp-content\/uploads\/2023\/07\/18155144\/factorial-logo.png\",\"contentUrl\":\"https:\/\/factorialhr.co\/wp-content\/uploads\/2023\/07\/18155144\/factorial-logo.png\",\"width\":946,\"height\":880,\"caption\":\"All-in-one business management software - Factorial\"},\"image\":{\"@id\":\"https:\/\/factorialhr.co\/blog\/#\/schema\/logo\/image\/\"},\"sameAs\":[\"https:\/\/www.facebook.com\/people\/Factorial\/100064908455810\/\",\"https:\/\/twitter.com\/factorialapp\",\"https:\/\/www.linkedin.com\/company\/factorialhr\",\"https:\/\/www.youtube.com\/@factorialmedia\",\"https:\/\/www.instagram.com\/factorial\/#\"]},{\"@type\":\"Person\",\"@id\":\"https:\/\/factorialhr.co\/blog\/#\/schema\/person\/e6546176671e7b921fae1e683f79d27c\",\"name\":\"Juanjo Villalba\",\"image\":{\"@type\":\"ImageObject\",\"inLanguage\":\"es-CO\",\"@id\":\"https:\/\/factorialhr.co\/blog\/#\/schema\/person\/image\/\",\"url\":\"https:\/\/secure.gravatar.com\/avatar\/89f18f859aa173964ebb48554de92105?s=96&d=identicon&r=g\",\"contentUrl\":\"https:\/\/secure.gravatar.com\/avatar\/89f18f859aa173964ebb48554de92105?s=96&d=identicon&r=g\",\"caption\":\"Juanjo Villalba\"},\"description\":\"Periodista freelance de Barcelona especializado en econom\u00eda, tecnolog\u00eda, lifestyle, cultura y relaciones. Fue Director editorial de Vice Espa\u00f1a y su trabajo ha aparecido en medios como El Pa\u00eds, El Peri\u00f3dico de Espa\u00f1a, S Moda, Vice y Yorokobu, entre otros.\",\"sameAs\":[\"https:\/\/www.linkedin.com\/in\/juanjo-villalba-a0005914\/\"],\"url\":\"https:\/\/factorialhr.co\/blog\/author\/juanjo-villalba\/\"}]}<\/script>\n<!-- \/ Yoast SEO Premium plugin. -->","yoast_head_json":{"title":"Trabajo en remoto: \u00bfuna opci\u00f3n m\u00e1s respetuosa con el medio ambiente? | Factorial","description":"El aumento del trabajo en remoto ha supuesto una mejora de la conciliaci\u00f3n entre la vida personal y laboral pero, c\u00f3mo ha influido en el medio ambiente.","robots":{"index":"index","follow":"follow","max-snippet":"max-snippet:-1","max-image-preview":"max-image-preview:large","max-video-preview":"max-video-preview:-1"},"canonical":"https:\/\/factorialhr.co\/blog\/trabajo-remoto-medio-ambiente\/","og_locale":"es_ES","og_type":"article","og_title":"Trabajo en remoto: \u00bfuna opci\u00f3n m\u00e1s respetuosa con el medio ambiente?","og_description":"El aumento del trabajo en remoto ha supuesto una mejora de la conciliaci\u00f3n entre la vida personal y laboral pero, c\u00f3mo ha influido en el medio ambiente.","og_url":"https:\/\/factorialhr.co\/blog\/trabajo-remoto-medio-ambiente\/","og_site_name":"Factorial","article_publisher":"https:\/\/www.facebook.com\/people\/Factorial\/100064908455810\/","article_published_time":"2023-04-12T14:16:41+00:00","og_image":[{"width":1000,"height":500,"url":"https:\/\/factorialhr.co\/wp-content\/uploads\/2023\/04\/12145438\/teletrabajo-opcion-laboral-respetuosa-medio-ambiente.jpg","type":"image\/jpeg"}],"author":"Juanjo Villalba","twitter_card":"summary_large_image","twitter_creator":"@factorialapp","twitter_site":"@factorialapp","twitter_misc":{"Written by":"Juanjo Villalba","Est. reading time":"6 minutes"},"schema":{"@context":"https:\/\/schema.org","@graph":[{"@type":"Article","@id":"https:\/\/factorialhr.co\/blog\/trabajo-remoto-medio-ambiente\/#article","isPartOf":{"@id":"https:\/\/factorialhr.co\/blog\/trabajo-remoto-medio-ambiente\/"},"author":{"name":"Juanjo Villalba","@id":"https:\/\/factorialhr.co\/blog\/#\/schema\/person\/e6546176671e7b921fae1e683f79d27c"},"headline":"Trabajo en remoto: \u00bfuna opci\u00f3n m\u00e1s respetuosa con el medio ambiente?","datePublished":"2023-04-12T14:16:41+00:00","dateModified":"2023-04-12T14:16:41+00:00","mainEntityOfPage":{"@id":"https:\/\/factorialhr.co\/blog\/trabajo-remoto-medio-ambiente\/"},"wordCount":1291,"publisher":{"@id":"https:\/\/factorialhr.co\/blog\/#organization"},"articleSection":["Digitalizaci\u00f3n"],"inLanguage":"es-CO"},{"@type":"WebPage","@id":"https:\/\/factorialhr.co\/blog\/trabajo-remoto-medio-ambiente\/","url":"https:\/\/factorialhr.co\/blog\/trabajo-remoto-medio-ambiente\/","name":"Trabajo en remoto: \u00bfuna opci\u00f3n m\u00e1s respetuosa con el medio ambiente? | Factorial","isPartOf":{"@id":"https:\/\/factorialhr.co\/blog\/#website"},"datePublished":"2023-04-12T14:16:41+00:00","dateModified":"2023-04-12T14:16:41+00:00","description":"El aumento del trabajo en remoto ha supuesto una mejora de la conciliaci\u00f3n entre la vida personal y laboral pero, c\u00f3mo ha influido en el medio ambiente.","inLanguage":"es-CO","potentialAction":[{"@type":"ReadAction","target":["https:\/\/factorialhr.co\/blog\/trabajo-remoto-medio-ambiente\/"]}]},{"@type":"WebSite","@id":"https:\/\/factorialhr.co\/blog\/#website","url":"https:\/\/factorialhr.co\/blog\/","name":"Factorial","description":"","publisher":{"@id":"https:\/\/factorialhr.co\/blog\/#organization"},"potentialAction":[{"@type":"SearchAction","target":{"@type":"EntryPoint","urlTemplate":"https:\/\/factorialhr.co\/blog\/?s={search_term_string}"},"query-input":"required name=search_term_string"}],"inLanguage":"es-CO"},{"@type":"Organization","@id":"https:\/\/factorialhr.co\/blog\/#organization","name":"All-in-one business management software - Factorial","url":"https:\/\/factorialhr.co\/blog\/","logo":{"@type":"ImageObject","inLanguage":"es-CO","@id":"https:\/\/factorialhr.co\/blog\/#\/schema\/logo\/image\/","url":"https:\/\/factorialhr.co\/wp-content\/uploads\/2023\/07\/18155144\/factorial-logo.png","contentUrl":"https:\/\/factorialhr.co\/wp-content\/uploads\/2023\/07\/18155144\/factorial-logo.png","width":946,"height":880,"caption":"All-in-one business management software - Factorial"},"image":{"@id":"https:\/\/factorialhr.co\/blog\/#\/schema\/logo\/image\/"},"sameAs":["https:\/\/www.facebook.com\/people\/Factorial\/100064908455810\/","https:\/\/twitter.com\/factorialapp","https:\/\/www.linkedin.com\/company\/factorialhr","https:\/\/www.youtube.com\/@factorialmedia","https:\/\/www.instagram.com\/factorial\/#"]},{"@type":"Person","@id":"https:\/\/factorialhr.co\/blog\/#\/schema\/person\/e6546176671e7b921fae1e683f79d27c","name":"Juanjo Villalba","image":{"@type":"ImageObject","inLanguage":"es-CO","@id":"https:\/\/factorialhr.co\/blog\/#\/schema\/person\/image\/","url":"https:\/\/secure.gravatar.com\/avatar\/89f18f859aa173964ebb48554de92105?s=96&d=identicon&r=g","contentUrl":"https:\/\/secure.gravatar.com\/avatar\/89f18f859aa173964ebb48554de92105?s=96&d=identicon&r=g","caption":"Juanjo Villalba"},"description":"Periodista freelance de Barcelona especializado en econom\u00eda, tecnolog\u00eda, lifestyle, cultura y relaciones. Fue Director editorial de Vice Espa\u00f1a y su trabajo ha aparecido en medios como El Pa\u00eds, El Peri\u00f3dico de Espa\u00f1a, S Moda, Vice y Yorokobu, entre otros.","sameAs":["https:\/\/www.linkedin.com\/in\/juanjo-villalba-a0005914\/"],"url":"https:\/\/factorialhr.co\/blog\/author\/juanjo-villalba\/"}]}},"_links":{"self":[{"href":"https:\/\/factorialhr.co\/blog\/wp-json\/wp\/v2\/posts\/98830"}],"collection":[{"href":"https:\/\/factorialhr.co\/blog\/wp-json\/wp\/v2\/posts"}],"about":[{"href":"https:\/\/factorialhr.co\/blog\/wp-json\/wp\/v2\/types\/post"}],"author":[{"embeddable":true,"href":"https:\/\/factorialhr.co\/blog\/wp-json\/wp\/v2\/users\/179"}],"replies":[{"embeddable":true,"href":"https:\/\/factorialhr.co\/blog\/wp-json\/wp\/v2\/comments?post=98830"}],"version-history":[{"count":1,"href":"https:\/\/factorialhr.co\/blog\/wp-json\/wp\/v2\/posts\/98830\/revisions"}],"predecessor-version":[{"id":98858,"href":"https:\/\/factorialhr.co\/blog\/wp-json\/wp\/v2\/posts\/98830\/revisions\/98858"}],"wp:featuredmedia":[{"embeddable":true,"href":"https:\/\/factorialhr.co\/blog\/wp-json\/wp\/v2\/media\/98832"}],"wp:attachment":[{"href":"https:\/\/factorialhr.co\/blog\/wp-json\/wp\/v2\/media?parent=98830"}],"wp:term":[{"taxonomy":"category","embeddable":true,"href":"https:\/\/factorialhr.co\/blog\/wp-json\/wp\/v2\/categories?post=98830"},{"taxonomy":"post_tag","embeddable":true,"href":"https:\/\/factorialhr.co\/blog\/wp-json\/wp\/v2\/tags?post=98830"}],"curies":[{"name":"wp","href":"https:\/\/api.w.org\/{rel}","templated":true}]}}