{"id":94713,"date":"2023-03-06T12:04:51","date_gmt":"2023-03-06T10:04:51","guid":{"rendered":"https:\/\/factorialhr.com\/blog\/?p=94713"},"modified":"2023-03-06T12:05:10","modified_gmt":"2023-03-06T10:05:10","slug":"comite-de-convivencia-laboral","status":"publish","type":"post","link":"https:\/\/factorialhr.co\/blog\/comite-de-convivencia-laboral\/","title":{"rendered":"Comit\u00e9 de convivencia laboral: qu\u00e9 es y cu\u00e1l es su funci\u00f3n"},"content":{"rendered":"<p><span style=\"font-weight: 400;\">Una b\u00fasqueda r\u00e1pida en internet arroja varios resultados recientes sobre denuncias de acoso laboral en distintas compa\u00f1\u00edas de Colombia. Frente a ello, la preocupaci\u00f3n en el mercado de trabajo aumenta. Tanto en los empleadores, que buscan c\u00f3mo detener este fen\u00f3meno, como en el talento, que teme ser v\u00edctima de estas situaciones. El <\/span><b>comit\u00e9 de convivencia laboral<\/b><span style=\"font-weight: 400;\"> puede ser la respuesta.\u00a0<\/span><\/p>\n<p><span style=\"font-weight: 400;\">Pero, <\/span><b>\u00bfqu\u00e9 es el comit\u00e9 de convivencia laboral?<\/b><span style=\"font-weight: 400;\"> Se trata de uno de los instrumentos con los que cuentan las empresas colombianas para crear entornos laborales seguros en t\u00e9rminos psicosociales.\u00a0<\/span><\/p>\n<p><span style=\"font-weight: 400;\">Sin dudas, la adecuada convivencia laboral requiere que los empleadores asuman un rol proactivo en la construcci\u00f3n de espacios de trabajo donde todas las personas puedan desarrollar su labor en condiciones \u00f3ptimas.<\/span><\/p>\n<p><span style=\"font-weight: 400;\">Si quieres crear un ambiente positivo que potencie a tus trabajadores, es importante que conozcas todo sobre esta obligaci\u00f3n. Desde cu\u00e1les son las funciones y la <\/span><b>normativa del comit\u00e9<\/b><span style=\"font-weight: 400;\">, hasta c\u00f3mo se conforma y cu\u00e1l es la <\/span><b>importancia del comit\u00e9 de convivencia laboral<\/b><span style=\"font-weight: 400;\">. De todo ello te hablaremos a continuaci\u00f3n.\u00a0\u00a0\u00a0<\/span><\/p>\n<p class=\"p1\"><div class=\"js-toc toc\">\n<p class=\"js-toc-title toc__title\">Tabla de contenidos<\/p>\n<nav id=\"fac_toc_nav\" class=\"js-toc-nav toc__nav\" aria-label=\"Tabla de contenidos\"><ol class=\"toc__list toc__list--level-1\"><li class=\"toc-heading-level-2\"><a class=\"toc__link toc-link-heading-1\" href=\"https:\/\/factorialhr.co\/blog\/comite-de-convivencia-laboral\/#\u00bfque-es-el-comite-de-convivencia-laboral\" title=\"\u00bfQu\u00e9 es el comit\u00e9 de convivencia laboral?\" data-target-id=\"\u00bfque-es-el-comite-de-convivencia-laboral\">\u00bfQu\u00e9 es el comit\u00e9 de convivencia laboral?<\/a><\/li><li class=\"toc-heading-level-2\"><a class=\"toc__link toc-link-heading-2\" href=\"https:\/\/factorialhr.co\/blog\/comite-de-convivencia-laboral\/#\u00bfcual-es-la-normativa-del-comite-de-convivencia-laboral\" title=\"\u00bfCu\u00e1l es la normativa del comit\u00e9 de convivencia laboral?\u00a0\" data-target-id=\"\u00bfcual-es-la-normativa-del-comite-de-convivencia-laboral\">\u00bfCu\u00e1l es la normativa del comit\u00e9 de convivencia laboral?\u00a0<\/a><\/li><li class=\"toc-heading-level-2\"><a class=\"toc__link toc-link-heading-3\" href=\"https:\/\/factorialhr.co\/blog\/comite-de-convivencia-laboral\/#\u00bfcuales-son-las-funciones-del-comite-de-convivencia-laboral\" title=\"\u00bfCu\u00e1les son las funciones del comit\u00e9 de convivencia laboral?\" data-target-id=\"\u00bfcuales-son-las-funciones-del-comite-de-convivencia-laboral\">\u00bfCu\u00e1les son las funciones del comit\u00e9 de convivencia laboral?<\/a><\/li><li class=\"toc-heading-level-2\"><a class=\"toc__link toc-link-heading-4\" href=\"https:\/\/factorialhr.co\/blog\/comite-de-convivencia-laboral\/#conformacion-del-comite-de-convivencia-laboral\" title=\"Conformaci\u00f3n del comit\u00e9 de convivencia laboral\u00a0\" data-target-id=\"conformacion-del-comite-de-convivencia-laboral\">Conformaci\u00f3n del comit\u00e9 de convivencia laboral\u00a0<\/a><\/li><li class=\"toc-heading-level-2\"><a class=\"toc__link toc-link-heading-5\" href=\"https:\/\/factorialhr.co\/blog\/comite-de-convivencia-laboral\/#importancia-del-comite-de-convivencia-laboral\" title=\"Importancia del comit\u00e9 de convivencia laboral\u00a0\" data-target-id=\"importancia-del-comite-de-convivencia-laboral\">Importancia del comit\u00e9 de convivencia laboral\u00a0<\/a><\/li><li class=\"toc-heading-level-2\"><a class=\"toc__link toc-link-heading-6\" href=\"https:\/\/factorialhr.co\/blog\/comite-de-convivencia-laboral\/#\u00bfque-iniciativas-puedes-tomar-para-darle-apoyo-al-comite-de-convivencia-laboral\" title=\"\u00bfQu\u00e9 iniciativas puedes tomar para darle apoyo al comit\u00e9 de convivencia laboral?\" data-target-id=\"\u00bfque-iniciativas-puedes-tomar-para-darle-apoyo-al-comite-de-convivencia-laboral\">\u00bfQu\u00e9 iniciativas puedes tomar para darle apoyo al comit\u00e9 de convivencia laboral?<\/a><\/li><\/ol><\/nav><\/div><\/p>\n<h2><span style=\"font-weight: 400;\">\u00bfQu\u00e9 es el comit\u00e9 de convivencia laboral?<\/span><\/h2>\n<p><b>El comit\u00e9 de convivencia laboral es una medida preventiva para proteger a los trabajadores contra los riesgos psicosociales<\/b><span style=\"font-weight: 400;\"> que afectan la salud y el bienestar en los ambientes de trabajo.\u00a0 Ante todo, este comit\u00e9 tiene el objetivo de <\/span><b>prevenir el acoso laboral y la violencia en las empresas<\/b><span style=\"font-weight: 400;\">.<\/span><b>\u00a0<\/b><\/p>\n<p><span style=\"font-weight: 400;\">Si nos enfocamos en su definici\u00f3n m\u00e1s pr\u00e1ctica tambi\u00e9n podemos decir que el comit\u00e9 de convivencia laboral es un <\/span><b>grupo de vigilancia conformado en los centros de trabajo para contribuir a la protecci\u00f3n de los trabajadores<\/b><span style=\"font-weight: 400;\"> contra el estr\u00e9s, <\/span><a href=\"https:\/\/factorialhr.co\/blog\/afrontar-el-burnout\/\"><i><span style=\"font-weight: 400;\">burnout<\/span><\/i><\/a><span style=\"font-weight: 400;\">, acoso o los accidentes y\u00a0 enfermedades laborales, entre otros riesgos psicosociales.\u00a0<\/span><\/p>\n<p><span style=\"font-weight: 400;\">Adem\u00e1s, este comit\u00e9 tambi\u00e9n representa una obligaci\u00f3n para los empleadores. En tanto, es una de las estrategias que deben utilizar las organizaciones para garantizar que en estos entornos se est\u00e1 haciendo todo lo necesario para asegurar el bienestar de los colaboradores.<\/span><\/p>\n<p><span style=\"font-weight: 400;\">La finalidad u objetivo del comit\u00e9 de convivencia laboral est\u00e1 muy clara: dedicarse a mejorar las condiciones de trabajo de los empleados y salvaguardarlos de posibles riesgos psicosociales que afecten su salud durante su labor.<\/span><\/p>\n<p><span style=\"font-weight: 400;\">\ud83d\udc49 <\/span><a href=\"https:\/\/factorialhr.co\/blog\/acoso-laboral-colombia\/\"><i><span style=\"font-weight: 400;\">Conoce los aspectos principales sobre el tratamiento del acoso laboral en las empresas colombianas<\/span><\/i><\/a><span style=\"font-weight: 400;\">.\u00a0<\/span><\/p>\n<h2><span style=\"font-weight: 400;\">\u00bfCu\u00e1l es la normativa del comit\u00e9 de convivencia laboral?\u00a0<\/span><\/h2>\n<p><span style=\"font-weight: 400;\">Para poder comprender en profundidad las caracter\u00edsticas y alcances de este instrumento, es importante conocer las <\/span><b>funciones del comit\u00e9 de convivencia laboral<\/b><span style=\"font-weight: 400;\">. Y, para eso, antes tenemos que\u00a0 revisar la <\/span><b>normativa del comit\u00e9<\/b><span style=\"font-weight: 400;\">.<\/span><\/p>\n<p><span style=\"font-weight: 400;\">En 2006 se cre\u00f3 la Ley 1010 para que los trabajadores y empleadores pudieran identificar conductas de acoso laboral. Sin embargo, las medidas preventivas y correctivas que impuls\u00f3 esta norma quedaron a mitad de camino. Por esta raz\u00f3n, se dio a conocer <\/span><b>la Resoluci\u00f3n 2646 de 2008 con la que se crearon los comit\u00e9s de convivencia laboral<\/b><span style=\"font-weight: 400;\">.\u00a0<\/span><\/p>\n<p><span style=\"font-weight: 400;\">En el art\u00edculo 14 de dicha norma se establecieron las medidas correctivas y preventivas del acoso laboral y, entre ellas, se determin\u00f3 <\/span><b>la obligaci\u00f3n de conformar el comit\u00e9 de convivencia laboral <\/b><span style=\"font-weight: 400;\">y<\/span> <span style=\"font-weight: 400;\">establecer un<\/span><b> proceso interno, confidencial, conciliatorio y efectivo para prevenir las conductas de acoso laboral<\/b><span style=\"font-weight: 400;\">.\u00a0<\/span><\/p>\n<p><span style=\"font-weight: 400;\">As\u00ed, el comit\u00e9 de convivencia laboral se transform\u00f3 en una instancia para abordar los riesgos de acoso laboral dentro de las empresas y darle a los gerentes una herramienta\u00a0 para abordar de forma imparcial las situaciones expuestas por los trabajadores.<\/span><\/p>\n<p><span style=\"font-weight: 400;\">M\u00e1s tarde, en 2012 lleg\u00f3 la Resoluci\u00f3n 652 donde se reglament\u00f3 el funcionamiento de estos espacios dentro de las empresas p\u00fablicas y privadas. Esta normativa define, entre otras cosas, c\u00f3mo es la <\/span><b>conformaci\u00f3n del comit\u00e9 de convivencia labora<\/b><span style=\"font-weight: 400;\">l y cu\u00e1les son sus funciones. Descubre estas \u00faltimas en el siguiente punto.\u00a0<\/span><\/p>\n<h2><span style=\"font-weight: 400;\">\u00bfCu\u00e1les son las funciones del comit\u00e9 de convivencia laboral?<\/span><\/h2>\n<p><span style=\"font-weight: 400;\">En total, la normativa establece las 10 funciones del comit\u00e9 de convivencia laboral que deben tenerse en cuenta al crearlo. Pero tambi\u00e9n hay tareas espec\u00edficas determinadas por ley para la persona que sea nombrada en la presidencia de este comit\u00e9.\u00a0<\/span><\/p>\n<h3><span style=\"font-weight: 400;\">Las 10 funciones del comit\u00e9 de convivencia laboral<\/span><\/h3>\n<ol>\n<li style=\"font-weight: 400;\" aria-level=\"1\"><span style=\"font-weight: 400;\">Recibir y darle seguimiento a las quejas que presenten los colaboradores en relaci\u00f3n a situaciones que puedan constituir acoso laboral. As\u00ed como las pruebas que brinden.\u00a0<\/span><\/li>\n<li style=\"font-weight: 400;\" aria-level=\"1\"><span style=\"font-weight: 400;\">Examinar confidencialmente los casos puntuales donde exista un reclamo que pueda tipificar conductas o circunstancias de acoso laboral dentro de la empresa.<\/span><\/li>\n<li style=\"font-weight: 400;\" aria-level=\"1\"><span style=\"font-weight: 400;\">Escuchar la versi\u00f3n de las partes involucradas de manera individual.<\/span><\/li>\n<li style=\"font-weight: 400;\" aria-level=\"1\"><span style=\"font-weight: 400;\">Realizar reuniones para fomentar el di\u00e1logo entre las partes involucradas, promoviendo compromisos mutuos para solucionar las controversias de manera efectiva.<\/span><\/li>\n<li style=\"font-weight: 400;\" aria-level=\"1\"><span style=\"font-weight: 400;\">Formular un plan de mejora entre los trabajadores involucrados, para construir, renovar y promover la convivencia laboral.<\/span><\/li>\n<li style=\"font-weight: 400;\" aria-level=\"1\"><span style=\"font-weight: 400;\">Darle seguimiento a los compromisos de las partes involucradas en el <\/span><a href=\"https:\/\/factorialhr.co\/blog\/conflictos-laborales\/\"><span style=\"font-weight: 400;\">conflicto<\/span><\/a><span style=\"font-weight: 400;\">, verificando su cumplimiento de acuerdo con lo pactado.<\/span><\/li>\n<li style=\"font-weight: 400;\" aria-level=\"1\"><span style=\"font-weight: 400;\">Cuando no se llegue a un acuerdo, no se cumplan las recomendaciones formuladas o la conducta persista, el comit\u00e9 de convivencia laboral deber\u00e1 remitir la queja a la alta direcci\u00f3n de la empresa, cerrar el caso y el empleado afectado podr\u00e1 presentar la queja ante el inspector de trabajo o demandar ante el juez competente.<\/span><\/li>\n<li style=\"font-weight: 400;\" aria-level=\"1\"><span style=\"font-weight: 400;\">Presentar a la direcci\u00f3n de la compa\u00f1\u00eda las recomendaciones para el desarrollo efectivo de medidas preventivas y correctivas del acoso laboral. As\u00ed como el informe anual de resultados de la gesti\u00f3n del comit\u00e9 de convivencia laboral y los informes requeridos por los organismos de control.<\/span><\/li>\n<li style=\"font-weight: 400;\" aria-level=\"1\"><span style=\"font-weight: 400;\">Hacer el seguimiento del cumplimiento de las recomendaciones dadas por el comit\u00e9 al departamento de Recursos Humanos y salud ocupacional de la organizaci\u00f3n.<\/span><\/li>\n<li style=\"font-weight: 400;\" aria-level=\"1\"><span style=\"font-weight: 400;\">Elaborar y presentar informes trimestrales sobre la gesti\u00f3n que realiza el comit\u00e9, incluyendo estad\u00edsticas de las quejas, el seguimiento de los casos y las recomendaciones dadas.<\/span><\/li>\n<\/ol>\n \n <!--HubSpot Call-to-Action Code -->\n    <span class=\"hs-cta-wrapper\" id=\"hs-cta-wrapper-e566364e-3610-408c-9fb5-b04d80ecba1b\">\n        <span class=\"hs-cta-node hs-cta-e566364e-3610-408c-9fb5-b04d80ecba1b\" id=\"e566364e-3610-408c-9fb5-b04d80ecba1b\">\n            <a href=\"https:\/\/cta-redirect.hubspot.com\/cta\/redirect\/4960096\/e566364e-3610-408c-9fb5-b04d80ecba1b\">\n                <img decoding=\"async\" class=\"lazyload hs-cta-img\" id=\"hs-cta-img-e566364e-3610-408c-9fb5-b04d80ecba1b\" style=\"border-width:0px;\" src=\"https:\/\/no-cache.hubspot.com\/cta\/default\/4960096\/e566364e-3610-408c-9fb5-b04d80ecba1b.png\"  alt=\"motivacion laboral\" width=\"900\" height=\"308\" \/>\n            <\/a>\n        <\/span>\n        <script type=\"text\/javascript\">\n            function loadCTA(){\n                window.hbspt.cta.load(4960096, 'e566364e-3610-408c-9fb5-b04d80ecba1b', {'region': 'eu1'})\n            }\n            if(window.hbspt){\n                loadCTA()\n            }else{\n                Defer.js(\n                    'https:\/\/js.hubspot.com\/cta\/current.js',\n                    'hubspotCTA', \n                    0, \n                    loadCTA\n                );\n            }\n        <\/script>\n    <\/span>\n<!-- end HubSpot Call-to-Action Code -->\n\n<h3><span style=\"font-weight: 400;\">Funciones del Presidente del comit\u00e9 de Convivencia Laboral\u00a0<\/span><\/h3>\n<p><span style=\"font-weight: 400;\">Para que el comit\u00e9 de convivencia laboral funcione de acuerdo a lo que establece la ley, este debe elegir un presidente por mutuo acuerdo entre sus miembros. Este tendr\u00e1 las siguientes funciones:<\/span><\/p>\n<ul>\n<li style=\"font-weight: 400;\" aria-level=\"1\"><span style=\"font-weight: 400;\">Convocar a los integrantes del comit\u00e9 a las sesiones ordinarias y extraordinarias.<\/span><\/li>\n<li style=\"font-weight: 400;\" aria-level=\"1\"><span style=\"font-weight: 400;\">Presidir y orientar las reuniones ordinarias y extraordinarias de forma din\u00e1mica y eficiente.\u00a0<\/span><\/li>\n<li style=\"font-weight: 400;\" aria-level=\"1\"><span style=\"font-weight: 400;\">Tramitar ante Recursos Humanos o la administraci\u00f3n de la empresa las recomendaciones aprobadas en el comit\u00e9.<\/span><\/li>\n<li style=\"font-weight: 400;\" aria-level=\"1\"><span style=\"font-weight: 400;\">Gestionar ante la direcci\u00f3n\u00a0 de la compa\u00f1\u00eda los recursos requeridos para el funcionamiento del comit\u00e9.<\/span><\/li>\n<\/ul>\n<p><span style=\"font-weight: 400;\">Con respecto a las <\/span><a href=\"https:\/\/factorialhr.co\/blog\/reuniones-de-trabajo\/\"><span style=\"font-weight: 400;\">reuniones<\/span><\/a><span style=\"font-weight: 400;\"> es importante decir que la normativa del comit\u00e9 establece que este <\/span><b>se reunir\u00e1 ordinariamente cada 3 meses y sesionar\u00e1 con la mitad m\u00e1s uno de sus integrantes<\/b><span style=\"font-weight: 400;\">.\u00a0<\/span><\/p>\n<p><span style=\"font-weight: 400;\">De forma extraordinaria el comit\u00e9 podr\u00e1 reunirse cuando se presenten casos que requieran de su inmediata intervenci\u00f3n y podr\u00e1 ser convocado por cualquiera de sus integrantes.<\/span><\/p>\n<h2><span style=\"font-weight: 400;\">Conformaci\u00f3n del comit\u00e9 de convivencia laboral\u00a0<\/span><\/h2>\n<p><span style=\"font-weight: 400;\">Este es uno de los puntos que se modific\u00f3 en la normativa a trav\u00e9s de la Resoluci\u00f3n 1356 de 2012. As\u00ed, se estableci\u00f3 que <\/span><b>el comit\u00e9 debe estar compuesto por 2 representantes del empleador y 2 de los trabajadores<\/b><span style=\"font-weight: 400;\">, en cada caso con sus respectivos suplentes.\u00a0<\/span><\/p>\n<p><span style=\"font-weight: 400;\">Adem\u00e1s, las empresas podr\u00e1n, de acuerdo a su organizaci\u00f3n interna, <\/span><b>designar un mayor n\u00famero de representantes<\/b><span style=\"font-weight: 400;\">, los cuales en cualquier caso siempre deben ser iguales para ambas partes.<\/span><\/p>\n<p><span style=\"font-weight: 400;\">En cuanto a las habilidades y competencias de los integrantes del comit\u00e9 la normativa indica: <\/span><i><span style=\"font-weight: 400;\">\u201cPreferiblemente contar\u00e1n con competencias actitudinales y comportamentales tales como respeto, imparcialidad, tolerancia, serenidad, confidencialidad, reserva en el manejo de informaci\u00f3n y \u00e9tica; asimismo habilidades de comunicaci\u00f3n asertiva, liderazgo y resoluci\u00f3n de conflictos\u201d<\/span><\/i><span style=\"font-weight: 400;\">.<\/span><\/p>\n<p><span style=\"font-weight: 400;\">La elecci\u00f3n de los miembros del comit\u00e9 debe contribuir a mejorar el ambiente laboral y, por lo tanto, <\/span><b>se requieren de personas que cuenten con <\/b><a href=\"https:\/\/factorialhr.co\/blog\/habilidades-blandas\/\"><b>habilidades blandas<\/b><\/a><span style=\"font-weight: 400;\"> acordes a ese objetivo.<\/span><\/p>\n<p><span style=\"font-weight: 400;\">\u00a0\u00a0<\/span><span style=\"font-weight: 400;\">En el caso de empresas con menos de 20 colaboradores, el comit\u00e9 de convivencia laboral estar\u00e1 conformado por un representante de los trabajadores y uno del empleador, con sus respectivos suplentes.<\/span><\/p>\n<p><span style=\"font-weight: 400;\">\u00bfC\u00f3mo se designan a estos representantes? El empleador designar\u00e1 directamente a los suyos, mientras que el personal los elegir\u00e1 a trav\u00e9s de una votaci\u00f3n secreta. Lo que se busca es <\/span><b>que los empleados puedan decidir de forma libre, espont\u00e1nea y aut\u00e9ntica qui\u00e9nes representar\u00e1n sus derechos en el comit\u00e9<\/b><span style=\"font-weight: 400;\">.<\/span><\/p>\n<p><span style=\"font-weight: 400;\">Por otro lado, el comit\u00e9 no podr\u00e1 constituirse con trabajadores a los que se les haya formulado una queja de acoso laboral o hayan sido v\u00edctimas de esta situaci\u00f3n en los 6 meses anteriores a su conformaci\u00f3n.<\/span><\/p>\n<p><span style=\"font-weight: 400;\">Finalmente, el per\u00edodo de los miembros del comit\u00e9 ser\u00e1 de 2 a\u00f1os. Estos se contar\u00e1n desde la fecha en la que se comunique la designaci\u00f3n.<\/span><\/p>\n<h2><span style=\"font-weight: 400;\">Importancia del comit\u00e9 de convivencia laboral\u00a0<\/span><\/h2>\n<p><span style=\"font-weight: 400;\">La importancia del comit\u00e9 de convivencia laboral, como vimos hasta aqu\u00ed, recae en su <\/span><b>impacto en la prevenci\u00f3n y tratamiento del acoso laboral<\/b><span style=\"font-weight: 400;\">. En Colombia ocurre un hecho curioso, si bien es uno de los 3 pa\u00edses de Latinoam\u00e9rica con una ley contra esta forma de acoso, no cuenta con estad\u00edsticas oficiales recientes sobre este tema.<\/span><\/p>\n<p><span style=\"font-weight: 400;\">Pero pese a ello, como mencionamos al inicio de este art\u00edculo, basta una b\u00fasqueda r\u00e1pida en los medios nacionales para identificar que el acoso laboral es una realidad con la que conviven muchos trabajadores y trabajadoras. El comit\u00e9 de convivencia laboral es una forma de luchar contra este fen\u00f3meno de forma interna en las empresas y tambi\u00e9n podr\u00edamos pensarlo como una oportunidad.<\/span><\/p>\n<p><span style=\"font-weight: 400;\">Cuando este tipo de situaci\u00f3n se gestiona dentro de las organizaciones es posible <\/span><b>generar espacios de concientizaci\u00f3n sobre estos temas<\/b><span style=\"font-weight: 400;\">. Esto colabora con el objetivo de <\/span><b>construir una <\/b><a href=\"https:\/\/factorialhr.co\/blog\/cultura-organizacional-plan-pymes\/\"><b>cultura organizacional<\/b><\/a><b> respetuosa, que promueva el di\u00e1logo y la escucha<\/b><span style=\"font-weight: 400;\"> y establezca la tolerancia cero a cualquier forma de violencia.\u00a0<\/span><\/p>\n<p><span style=\"font-weight: 400;\">Por otro lado, no debemos olvidar que la importancia del comit\u00e9 de convivencia laboral va m\u00e1s all\u00e1 del <\/span><i><span style=\"font-weight: 400;\">mobbing<\/span><\/i><span style=\"font-weight: 400;\">.<\/span> <span style=\"font-weight: 400;\">Tambi\u00e9n, estos espacios se utilizan para transferir a los empleadores las responsabilidades correspondientes en la identificaci\u00f3n, evaluaci\u00f3n, prevenci\u00f3n, intervenci\u00f3n y monitoreo permanente de la exposici\u00f3n de los colaboradores a factores de <\/span><a href=\"https:\/\/factorialhr.co\/blog\/riesgo-psicosocial\/\"><span style=\"font-weight: 400;\">riesgo psicosocial<\/span><\/a><span style=\"font-weight: 400;\"> en el trabajo y la determinaci\u00f3n del origen de las patolog\u00edas causadas por el estr\u00e9s ocupacional.<\/span><\/p>\n<p><span style=\"font-weight: 400;\">Es decir que <\/span><b>el comit\u00e9 de convivencia laboral tambi\u00e9n es vital para fomentar el <\/b><a href=\"https:\/\/factorialhr.co\/blog\/bienestar-laboral\/\"><b>bienestar en el trabajo<\/b><\/a><span style=\"font-weight: 400;\"> y, con ello, mejorar la calidad de vida de los empleados. Algo que resulta fundamental para <\/span><b>reducir la tasa de accidentes y enfermedades ocupacionales<\/b><span style=\"font-weight: 400;\">. De esta forma, el comit\u00e9 de convivencia laboral es importante para garantizar que los trabajadores laboren en un ambiente adecuado.\u00a0<\/span><\/p>\n \n <!--HubSpot Call-to-Action Code -->\n    <span class=\"hs-cta-wrapper\" id=\"hs-cta-wrapper-f78b45ad-a5f4-4973-aac5-f1f49162ca37\">\n        <span class=\"hs-cta-node hs-cta-f78b45ad-a5f4-4973-aac5-f1f49162ca37\" id=\"f78b45ad-a5f4-4973-aac5-f1f49162ca37\">\n            <a href=\"https:\/\/cta-redirect.hubspot.com\/cta\/redirect\/4960096\/f78b45ad-a5f4-4973-aac5-f1f49162ca37\">\n                <img decoding=\"async\" class=\"lazyload hs-cta-img\" id=\"hs-cta-img-f78b45ad-a5f4-4973-aac5-f1f49162ca37\" style=\"border-width:0px;\" src=\"https:\/\/no-cache.hubspot.com\/cta\/default\/4960096\/f78b45ad-a5f4-4973-aac5-f1f49162ca37.png\"  alt=\"\u201ctendencias\" width=\"\u201c900\u201d\" height=\"\u201c308\u201d\" \/>\n            <\/a>\n        <\/span>\n        <script type=\"text\/javascript\">\n            function loadCTA(){\n                window.hbspt.cta.load(4960096, 'f78b45ad-a5f4-4973-aac5-f1f49162ca37', {'region': 'eu1'})\n            }\n            if(window.hbspt){\n                loadCTA()\n            }else{\n                Defer.js(\n                    'https:\/\/js.hubspot.com\/cta\/current.js',\n                    'hubspotCTA', \n                    0, \n                    loadCTA\n                );\n            }\n        <\/script>\n    <\/span>\n<!-- end HubSpot Call-to-Action Code -->\n\n<h2><span style=\"font-weight: 400;\">\u00bfQu\u00e9 iniciativas puedes tomar para darle apoyo al comit\u00e9 de convivencia laboral?<\/span><\/h2>\n<p><span style=\"font-weight: 400;\">La prevenci\u00f3n y correcci\u00f3n del acoso laboral y los riesgos psicosociales en las empresas no es una tarea sencilla. Que esta responsabilidad recaiga en el comit\u00e9 de convivencia laboral no quiere decir que el liderazgo de la compa\u00f1\u00eda deba desentenderse del tema. Por el contrario, <\/span><b>es importante tomar iniciativas que puedan respaldar el trabajo que hace el comit\u00e9<\/b><span style=\"font-weight: 400;\">, para que su accionar cumpla su cometido.<\/span><\/p>\n<p><span style=\"font-weight: 400;\">Algunas de las medidas que puedes adoptar para darle apoyo al comit\u00e9 son:<\/span><\/p>\n<h3><span style=\"font-weight: 400;\">Orientar en el planteamiento de objetivos\u00a0<\/span><\/h3>\n<p><span style=\"font-weight: 400;\">Uno de los errores que se presentan con mayor frecuencia en los comit\u00e9s de convivencia laboral se relacionan con el planteamiento de objetivos. Por lo general, estos equipos dentro de las empresas cumplen una funci\u00f3n m\u00e1s bien reactiva. Es decir, act\u00faan frente a las quejas de los trabajadores o utilizan distintos indicadores para medir el <\/span><a href=\"https:\/\/factorialhr.co\/blog\/clima-laboral\/\"><span style=\"font-weight: 400;\">clima laboral<\/span><\/a><span style=\"font-weight: 400;\"> y, con base en ello, hacer recomendaciones a RR.HH. y la gerencia.<\/span><\/p>\n<p><span style=\"font-weight: 400;\">Sin embargo, <\/span><b>definir objetivos en los que se va a enfocar el comit\u00e9 con su gesti\u00f3n es fundamental para que este grupo pueda desarrollar actividades asertivas<\/b><span style=\"font-weight: 400;\"> que, al final de cada periodo, sirvan para medir los cambios y mejoras logradas.\u00a0<\/span><\/p>\n<p><span style=\"font-weight: 400;\">Por eso, es importante que desde la direcci\u00f3n de la empresa se promueva el planteamiento de objetivos en el comit\u00e9. Estos pueden plantearse de forma anual, semestral o incluso definir metas para cada trimestre.\u00a0<\/span><\/p>\n<p><b>El rol de RR.HH. en este caso consistir\u00e1 en brindar orientaci\u00f3n y datos <\/b><span style=\"font-weight: 400;\">para que el comit\u00e9 pueda tener un panorama amplio de las necesidades del talento y de la organizaci\u00f3n. Con base en ello, se podr\u00e1n definir objetivos m\u00e1s provechosos para la compa\u00f1\u00eda y su personal.\u00a0<\/span><\/p>\n<h3><span style=\"font-weight: 400;\">Brindar capacitaci\u00f3n<\/span><\/h3>\n<p><span style=\"font-weight: 400;\">Aunque esto est\u00e1 contemplado en la normativa del comit\u00e9, es importante reforzarlo. En concreto, la resoluci\u00f3n indica que <\/span><b>la organizaci\u00f3n debe realizar actividades de capacitaci\u00f3n para los miembros del comit\u00e9<\/b><span style=\"font-weight: 400;\">. Estas deben enfocarse en resoluci\u00f3n de conflictos, <\/span><a href=\"https:\/\/factorialhr.co\/blog\/poder-de-la-comunicacion\/\"><span style=\"font-weight: 400;\">comunicaci\u00f3n<\/span><\/a><span style=\"font-weight: 400;\"> asertiva y otros temas considerados prioritarios para el funcionamiento del mismo.<\/span><\/p>\n<p><span style=\"font-weight: 400;\">Debido a que en este punto no se dan mayores detalles sobre las tem\u00e1ticas de estas formaciones, <\/span><b>es importante que RR.HH. pueda analizar qu\u00e9 necesidades de formaci\u00f3n pueden llegar\u00a0 a tener los integrantes del comit\u00e9<\/b><span style=\"font-weight: 400;\">. En funci\u00f3n de ello, se podr\u00e1n <\/span><a href=\"https:\/\/factorialhr.co\/gestion-de-capacitaciones\"><span style=\"font-weight: 400;\">elaborar planes de capacitaci\u00f3n<\/span><\/a><span style=\"font-weight: 400;\"> personalizados para estos colaboradores.\u00a0<\/span><\/p>\n<h3><span style=\"font-weight: 400;\">Facilitar el acceso a la informaci\u00f3n<\/span><\/h3>\n<p><span style=\"font-weight: 400;\">Otro punto cr\u00edtico para el comit\u00e9 de convivencia laboral es el acceso a la informaci\u00f3n sobre los trabajadores y el entorno laboral. <\/span><b>Es necesario habilitar a los miembros de este equipo a recabar todos los datos que consideren necesarios <\/b><span style=\"font-weight: 400;\">para poder diagnosticar:<\/span><\/p>\n<ul>\n<li style=\"font-weight: 400;\" aria-level=\"1\"><span style=\"font-weight: 400;\">C\u00f3mo est\u00e1 el clima laboral.<\/span><\/li>\n<li style=\"font-weight: 400;\" aria-level=\"1\"><span style=\"font-weight: 400;\">Qu\u00e9 necesitan los trabajadores.<\/span><\/li>\n<li style=\"font-weight: 400;\" aria-level=\"1\"><span style=\"font-weight: 400;\">Cu\u00e1les son los aspectos que se deben mejorar.<\/span><\/li>\n<li style=\"font-weight: 400;\" aria-level=\"1\"><span style=\"font-weight: 400;\">Qu\u00e9 medidas puede tomar la compa\u00f1\u00eda para reducir los riesgos psicosociales.\u00a0<\/span><\/li>\n<\/ul>\n<p><span style=\"font-weight: 400;\">En este punto, nuevamente Recursos Humanos es un pilar fundamental. Dado que es el \u00e1rea que cuenta con todos o la mayor\u00eda de los datos de los trabajadores. Tales como su informaci\u00f3n personal, formativa, <\/span><a href=\"https:\/\/factorialhr.co\/evaluacion-del-desempeno\"><span style=\"font-weight: 400;\">evaluaciones de desempe\u00f1o<\/span><\/a><span style=\"font-weight: 400;\">, entre otros. Por ello,<\/span><b> el equipo de capital humano debe colaborar activamente con el comit\u00e9 para que tenga todo lo que necesita para desempe\u00f1ar sus funciones<\/b><span style=\"font-weight: 400;\">.\u00a0<\/span><\/p>\n<h3><span style=\"font-weight: 400;\">Dar retroalimentaci\u00f3n a los miembros del comit\u00e9\u00a0<\/span><\/h3>\n<p><span style=\"font-weight: 400;\">Como vimos, la conformaci\u00f3n del comit\u00e9 de convivencia laboral incluye miembros de la empresa elegidos por el empleador y trabajadores elegidos por los propios empleados. En cualquier caso, siguen siendo<\/span><b> colaboradores que ejercen una funci\u00f3n clave en la empresa y que pueden sentirse tan abrumados o felices como el resto del personal<\/b><span style=\"font-weight: 400;\"> dentro de la compa\u00f1\u00eda.<\/span><\/p>\n<p><span style=\"font-weight: 400;\">Por ello, <\/span><b>es importante mantener la retroalimentaci\u00f3n continua, es decir, darles feedback de forma regular sobre su labor dentro del comit\u00e9<\/b><span style=\"font-weight: 400;\">, los cambios que logran y tambi\u00e9n dejarles comentarios sobre lo que podr\u00edan mejorar.<\/span><\/p>\n<p><span style=\"font-weight: 400;\">Sumado a ello, para mantenerlos motivados y comprometidos con su rol dentro del comit\u00e9 es importante darle el valor que merece su gesti\u00f3n. Esto es, reconocer su tarea y felicitarlos por el trabajo que est\u00e1n haciendo.\u00a0<\/span><\/p>\n<p><span style=\"font-weight: 400;\">\ud83d\udc49 <\/span><a href=\"https:\/\/factorialhr.co\/blog\/feedback-y-comunicacion-abierta\/\"><i><span style=\"font-weight: 400;\">Aprende c\u00f3mo fomentar una cultura de feedback y comunicaci\u00f3n abierta en tu empresa<\/span><\/i><\/a><span style=\"font-weight: 400;\">\u00a0<\/span><\/p>\n<h3><span style=\"font-weight: 400;\">Garantizar las herramientas que el comit\u00e9 necesite\u00a0<\/span><\/h3>\n<p><span style=\"font-weight: 400;\">La normativa del comit\u00e9 tambi\u00e9n establece que <\/span><b>los empleadores deben garantizar un espacio f\u00edsico para las reuniones y dem\u00e1s actividades de este equipo<\/b><span style=\"font-weight: 400;\">. As\u00ed como para el manejo reservado de la documentaci\u00f3n. Pero esos no son los \u00fanicos recursos que este comit\u00e9 necesita para funcionar de manera \u00f3ptima.<\/span><\/p>\n<p><span style=\"font-weight: 400;\">Hoy en d\u00eda, no podemos pensar en el trabajo de ning\u00fan equipo al margen de la <\/span><a href=\"https:\/\/factorialhr.co\/blog\/inteligencia-artificial-en-rrhh\/\"><span style=\"font-weight: 400;\">tecnolog\u00eda<\/span><\/a><span style=\"font-weight: 400;\">. Si quieres que el comit\u00e9 funcione de manera \u00f3ptima y pueda ejercer su labor de manera efectiva, es clave garantizar las herramientas que este necesite.\u00a0<\/span><\/p>\n<p><span style=\"font-weight: 400;\">Y con ello nos referimos a <\/span><b>soluciones digitales que permitan agilizar sus tareas, recabar datos para tomar <\/b><a href=\"https:\/\/factorialhr.co\/blog\/digitalizacion-en-recursos-humanos\/\"><b>decisiones informadas<\/b><\/a><b> y facilitar la comunicaci\u00f3n<\/b><span style=\"font-weight: 400;\"> entre los integrantes del comit\u00e9 y los colaboradores que recurren a este espacio.<\/span><\/p>\n<p><span style=\"font-weight: 400;\">Todos los caminos conducen a la <\/span><b>adopci\u00f3n de un software en la nube que cuente con distintas funcionalidades en un mismo lugar, facilite la colaboraci\u00f3n y sea accesible<\/b><span style=\"font-weight: 400;\"> desde cualquier lugar y dispositivo.\u00a0<\/span><\/p>\n \n <!--HubSpot Call-to-Action Code -->\n    <span class=\"hs-cta-wrapper\" id=\"hs-cta-wrapper-bb56c336-e879-4fdf-a5f0-7dc72c4ac773\">\n        <span class=\"hs-cta-node hs-cta-bb56c336-e879-4fdf-a5f0-7dc72c4ac773\" id=\"bb56c336-e879-4fdf-a5f0-7dc72c4ac773\">\n            <a href=\"https:\/\/cta-redirect.hubspot.com\/cta\/redirect\/4960096\/bb56c336-e879-4fdf-a5f0-7dc72c4ac773\">\n                <img decoding=\"async\" class=\"lazyload hs-cta-img\" id=\"hs-cta-img-bb56c336-e879-4fdf-a5f0-7dc72c4ac773\" style=\"border-width:0px;\" src=\"https:\/\/no-cache.hubspot.com\/cta\/default\/4960096\/bb56c336-e879-4fdf-a5f0-7dc72c4ac773.png\"  alt=\"funcionalidades banner\" width=\"900\" height=\"308\" \/>\n            <\/a>\n        <\/span>\n        <script type=\"text\/javascript\">\n            function loadCTA(){\n                window.hbspt.cta.load(4960096, 'bb56c336-e879-4fdf-a5f0-7dc72c4ac773', {'region': 'eu1'})\n            }\n            if(window.hbspt){\n                loadCTA()\n            }else{\n                Defer.js(\n                    'https:\/\/js.hubspot.com\/cta\/current.js',\n                    'hubspotCTA', \n                    0, \n                    loadCTA\n                );\n            }\n        <\/script>\n    <\/span>\n<!-- end HubSpot Call-to-Action Code -->\n\n<p><span style=\"font-weight: 400;\">Factorial cumple con estas caracter\u00edsticas porque <\/span><b>integra en una misma plataforma m\u00faltiples herramientas que facilitan la gesti\u00f3n de talento<\/b><span style=\"font-weight: 400;\">. Siempre decimos que es mucho m\u00e1s que un software de Recursos Humanos, es una herramienta vital para simplificar procesos que pueden ser infinitos y complicados para ahorrar tiempo y destinarlo a aportar verdadero valor a las personas de una empresa.\u00a0\u00a0<\/span><\/p>\n<p><span style=\"font-weight: 400;\">\ud83d\ude80 <\/span><a href=\"https:\/\/factorialhr.co\/solicitar-demo\"><b>Descubre c\u00f3mo cuidar mejor a tus trabajadores con Factorial<\/b><\/a><span style=\"font-weight: 400;\">.<\/span><\/p>\n","protected":false},"excerpt":{"rendered":"<p>Una b\u00fasqueda r\u00e1pida en internet arroja varios resultados recientes sobre denuncias de acoso laboral en distintas compa\u00f1\u00edas de Colombia. Frente a ello, la preocupaci\u00f3n en el mercado de trabajo aumenta. Tanto en los empleadores, que buscan c\u00f3mo detener este fen\u00f3meno, como en el talento, que teme ser v\u00edctima de estas situaciones. El comit\u00e9 de convivencia<a href=\"https:\/\/factorialhr.co\/blog\/comite-de-convivencia-laboral\/\" class=\"read-more\"> [&#8230;]<\/a><\/p>\n","protected":false},"author":127,"featured_media":94718,"comment_status":"closed","ping_status":"closed","sticky":false,"template":"","format":"standard","meta":{"_acf_changed":false,"footnotes":""},"categories":[319],"tags":[],"class_list":["post-94713","post","type-post","status-publish","format-standard","has-post-thumbnail","hentry","category-leyes-laborales-2"],"acf":{"topics":false},"yoast_head":"<!-- This site is optimized with the Yoast SEO Premium plugin v21.5 (Yoast SEO v21.9.1) - https:\/\/yoast.com\/wordpress\/plugins\/seo\/ -->\n<title>Comit\u00e9 de convivencia laboral: qu\u00e9 es y cu\u00e1l es su funci\u00f3n | Factorial<\/title>\n<meta name=\"description\" content=\"\u00bfSabes qu\u00e9 es el Comit\u00e9 de convivencia laboral? Te lo explicamos todo para que cumplas la normativa y mejores el ambiente laboral de tu empresa.\" \/>\n<meta name=\"robots\" content=\"index, follow, max-snippet:-1, max-image-preview:large, max-video-preview:-1\" \/>\n<link rel=\"canonical\" href=\"https:\/\/factorialhr.co\/blog\/comite-de-convivencia-laboral\/\" \/>\n<meta property=\"og:locale\" content=\"es_ES\" \/>\n<meta property=\"og:type\" content=\"article\" \/>\n<meta property=\"og:title\" content=\"Comit\u00e9 de convivencia laboral: qu\u00e9 es y cu\u00e1l es su funci\u00f3n\" \/>\n<meta property=\"og:description\" content=\"\u00bfSabes qu\u00e9 es el Comit\u00e9 de convivencia laboral? Te lo explicamos todo para que cumplas la normativa y mejores el ambiente laboral de tu empresa.\" \/>\n<meta property=\"og:url\" content=\"https:\/\/factorialhr.co\/blog\/comite-de-convivencia-laboral\/\" \/>\n<meta property=\"og:site_name\" content=\"Factorial\" \/>\n<meta property=\"article:publisher\" content=\"https:\/\/www.facebook.com\/people\/Factorial\/100064908455810\/\" \/>\n<meta property=\"article:published_time\" content=\"2023-03-06T10:04:51+00:00\" \/>\n<meta property=\"article:modified_time\" content=\"2023-03-06T10:05:10+00:00\" \/>\n<meta property=\"og:image\" content=\"https:\/\/factorialhr.co\/wp-content\/uploads\/2023\/03\/06120057\/comite-convivencia-laboral.jpg\" \/>\n\t<meta property=\"og:image:width\" content=\"1000\" \/>\n\t<meta property=\"og:image:height\" content=\"600\" \/>\n\t<meta property=\"og:image:type\" content=\"image\/jpeg\" \/>\n<meta name=\"author\" content=\"Melisa Fern\u00e1ndez\" \/>\n<meta name=\"twitter:card\" content=\"summary_large_image\" \/>\n<meta name=\"twitter:creator\" content=\"@factorialapp\" \/>\n<meta name=\"twitter:site\" content=\"@factorialapp\" \/>\n<meta name=\"twitter:label1\" content=\"Written by\" \/>\n\t<meta name=\"twitter:data1\" content=\"Melisa Fern\u00e1ndez\" \/>\n\t<meta name=\"twitter:label2\" content=\"Est. reading time\" \/>\n\t<meta name=\"twitter:data2\" content=\"14 minutes\" \/>\n<script type=\"application\/ld+json\" class=\"yoast-schema-graph\">{\"@context\":\"https:\/\/schema.org\",\"@graph\":[{\"@type\":\"Article\",\"@id\":\"https:\/\/factorialhr.co\/blog\/comite-de-convivencia-laboral\/#article\",\"isPartOf\":{\"@id\":\"https:\/\/factorialhr.co\/blog\/comite-de-convivencia-laboral\/\"},\"author\":{\"name\":\"Melisa Fern\u00e1ndez\",\"@id\":\"https:\/\/factorialhr.co\/blog\/#\/schema\/person\/c9b78160fc2c51e10d67f545c59c0837\"},\"headline\":\"Comit\u00e9 de convivencia laboral: qu\u00e9 es y cu\u00e1l es su funci\u00f3n\",\"datePublished\":\"2023-03-06T10:04:51+00:00\",\"dateModified\":\"2023-03-06T10:05:10+00:00\",\"mainEntityOfPage\":{\"@id\":\"https:\/\/factorialhr.co\/blog\/comite-de-convivencia-laboral\/\"},\"wordCount\":2803,\"publisher\":{\"@id\":\"https:\/\/factorialhr.co\/blog\/#organization\"},\"articleSection\":[\"Leyes laborales\"],\"inLanguage\":\"es-CO\"},{\"@type\":\"WebPage\",\"@id\":\"https:\/\/factorialhr.co\/blog\/comite-de-convivencia-laboral\/\",\"url\":\"https:\/\/factorialhr.co\/blog\/comite-de-convivencia-laboral\/\",\"name\":\"Comit\u00e9 de convivencia laboral: qu\u00e9 es y cu\u00e1l es su funci\u00f3n | Factorial\",\"isPartOf\":{\"@id\":\"https:\/\/factorialhr.co\/blog\/#website\"},\"datePublished\":\"2023-03-06T10:04:51+00:00\",\"dateModified\":\"2023-03-06T10:05:10+00:00\",\"description\":\"\u00bfSabes qu\u00e9 es el Comit\u00e9 de convivencia laboral? Te lo explicamos todo para que cumplas la normativa y mejores el ambiente laboral de tu empresa.\",\"inLanguage\":\"es-CO\",\"potentialAction\":[{\"@type\":\"ReadAction\",\"target\":[\"https:\/\/factorialhr.co\/blog\/comite-de-convivencia-laboral\/\"]}]},{\"@type\":\"WebSite\",\"@id\":\"https:\/\/factorialhr.co\/blog\/#website\",\"url\":\"https:\/\/factorialhr.co\/blog\/\",\"name\":\"Factorial\",\"description\":\"\",\"publisher\":{\"@id\":\"https:\/\/factorialhr.co\/blog\/#organization\"},\"potentialAction\":[{\"@type\":\"SearchAction\",\"target\":{\"@type\":\"EntryPoint\",\"urlTemplate\":\"https:\/\/factorialhr.co\/blog\/?s={search_term_string}\"},\"query-input\":\"required name=search_term_string\"}],\"inLanguage\":\"es-CO\"},{\"@type\":\"Organization\",\"@id\":\"https:\/\/factorialhr.co\/blog\/#organization\",\"name\":\"All-in-one business management software - Factorial\",\"url\":\"https:\/\/factorialhr.co\/blog\/\",\"logo\":{\"@type\":\"ImageObject\",\"inLanguage\":\"es-CO\",\"@id\":\"https:\/\/factorialhr.co\/blog\/#\/schema\/logo\/image\/\",\"url\":\"https:\/\/factorialhr.co\/wp-content\/uploads\/2023\/07\/18155144\/factorial-logo.png\",\"contentUrl\":\"https:\/\/factorialhr.co\/wp-content\/uploads\/2023\/07\/18155144\/factorial-logo.png\",\"width\":946,\"height\":880,\"caption\":\"All-in-one business management software - Factorial\"},\"image\":{\"@id\":\"https:\/\/factorialhr.co\/blog\/#\/schema\/logo\/image\/\"},\"sameAs\":[\"https:\/\/www.facebook.com\/people\/Factorial\/100064908455810\/\",\"https:\/\/twitter.com\/factorialapp\",\"https:\/\/www.linkedin.com\/company\/factorialhr\",\"https:\/\/www.youtube.com\/@factorialmedia\",\"https:\/\/www.instagram.com\/factorial\/#\"]},{\"@type\":\"Person\",\"@id\":\"https:\/\/factorialhr.co\/blog\/#\/schema\/person\/c9b78160fc2c51e10d67f545c59c0837\",\"name\":\"Melisa Fern\u00e1ndez\",\"image\":{\"@type\":\"ImageObject\",\"inLanguage\":\"es-CO\",\"@id\":\"https:\/\/factorialhr.co\/blog\/#\/schema\/person\/image\/\",\"url\":\"https:\/\/secure.gravatar.com\/avatar\/c5b8f44949c5ff593372d53afaa96be1?s=96&d=identicon&r=g\",\"contentUrl\":\"https:\/\/secure.gravatar.com\/avatar\/c5b8f44949c5ff593372d53afaa96be1?s=96&d=identicon&r=g\",\"caption\":\"Melisa Fern\u00e1ndez\"},\"url\":\"https:\/\/factorialhr.co\/blog\/author\/freelancer-latam\/\"}]}<\/script>\n<!-- \/ Yoast SEO Premium plugin. -->","yoast_head_json":{"title":"Comit\u00e9 de convivencia laboral: qu\u00e9 es y cu\u00e1l es su funci\u00f3n | Factorial","description":"\u00bfSabes qu\u00e9 es el Comit\u00e9 de convivencia laboral? Te lo explicamos todo para que cumplas la normativa y mejores el ambiente laboral de tu empresa.","robots":{"index":"index","follow":"follow","max-snippet":"max-snippet:-1","max-image-preview":"max-image-preview:large","max-video-preview":"max-video-preview:-1"},"canonical":"https:\/\/factorialhr.co\/blog\/comite-de-convivencia-laboral\/","og_locale":"es_ES","og_type":"article","og_title":"Comit\u00e9 de convivencia laboral: qu\u00e9 es y cu\u00e1l es su funci\u00f3n","og_description":"\u00bfSabes qu\u00e9 es el Comit\u00e9 de convivencia laboral? Te lo explicamos todo para que cumplas la normativa y mejores el ambiente laboral de tu empresa.","og_url":"https:\/\/factorialhr.co\/blog\/comite-de-convivencia-laboral\/","og_site_name":"Factorial","article_publisher":"https:\/\/www.facebook.com\/people\/Factorial\/100064908455810\/","article_published_time":"2023-03-06T10:04:51+00:00","article_modified_time":"2023-03-06T10:05:10+00:00","og_image":[{"width":1000,"height":600,"url":"https:\/\/factorialhr.co\/wp-content\/uploads\/2023\/03\/06120057\/comite-convivencia-laboral.jpg","type":"image\/jpeg"}],"author":"Melisa Fern\u00e1ndez","twitter_card":"summary_large_image","twitter_creator":"@factorialapp","twitter_site":"@factorialapp","twitter_misc":{"Written by":"Melisa Fern\u00e1ndez","Est. reading time":"14 minutes"},"schema":{"@context":"https:\/\/schema.org","@graph":[{"@type":"Article","@id":"https:\/\/factorialhr.co\/blog\/comite-de-convivencia-laboral\/#article","isPartOf":{"@id":"https:\/\/factorialhr.co\/blog\/comite-de-convivencia-laboral\/"},"author":{"name":"Melisa Fern\u00e1ndez","@id":"https:\/\/factorialhr.co\/blog\/#\/schema\/person\/c9b78160fc2c51e10d67f545c59c0837"},"headline":"Comit\u00e9 de convivencia laboral: qu\u00e9 es y cu\u00e1l es su funci\u00f3n","datePublished":"2023-03-06T10:04:51+00:00","dateModified":"2023-03-06T10:05:10+00:00","mainEntityOfPage":{"@id":"https:\/\/factorialhr.co\/blog\/comite-de-convivencia-laboral\/"},"wordCount":2803,"publisher":{"@id":"https:\/\/factorialhr.co\/blog\/#organization"},"articleSection":["Leyes laborales"],"inLanguage":"es-CO"},{"@type":"WebPage","@id":"https:\/\/factorialhr.co\/blog\/comite-de-convivencia-laboral\/","url":"https:\/\/factorialhr.co\/blog\/comite-de-convivencia-laboral\/","name":"Comit\u00e9 de convivencia laboral: qu\u00e9 es y cu\u00e1l es su funci\u00f3n | Factorial","isPartOf":{"@id":"https:\/\/factorialhr.co\/blog\/#website"},"datePublished":"2023-03-06T10:04:51+00:00","dateModified":"2023-03-06T10:05:10+00:00","description":"\u00bfSabes qu\u00e9 es el Comit\u00e9 de convivencia laboral? Te lo explicamos todo para que cumplas la normativa y mejores el ambiente laboral de tu empresa.","inLanguage":"es-CO","potentialAction":[{"@type":"ReadAction","target":["https:\/\/factorialhr.co\/blog\/comite-de-convivencia-laboral\/"]}]},{"@type":"WebSite","@id":"https:\/\/factorialhr.co\/blog\/#website","url":"https:\/\/factorialhr.co\/blog\/","name":"Factorial","description":"","publisher":{"@id":"https:\/\/factorialhr.co\/blog\/#organization"},"potentialAction":[{"@type":"SearchAction","target":{"@type":"EntryPoint","urlTemplate":"https:\/\/factorialhr.co\/blog\/?s={search_term_string}"},"query-input":"required name=search_term_string"}],"inLanguage":"es-CO"},{"@type":"Organization","@id":"https:\/\/factorialhr.co\/blog\/#organization","name":"All-in-one business management software - Factorial","url":"https:\/\/factorialhr.co\/blog\/","logo":{"@type":"ImageObject","inLanguage":"es-CO","@id":"https:\/\/factorialhr.co\/blog\/#\/schema\/logo\/image\/","url":"https:\/\/factorialhr.co\/wp-content\/uploads\/2023\/07\/18155144\/factorial-logo.png","contentUrl":"https:\/\/factorialhr.co\/wp-content\/uploads\/2023\/07\/18155144\/factorial-logo.png","width":946,"height":880,"caption":"All-in-one business management software - Factorial"},"image":{"@id":"https:\/\/factorialhr.co\/blog\/#\/schema\/logo\/image\/"},"sameAs":["https:\/\/www.facebook.com\/people\/Factorial\/100064908455810\/","https:\/\/twitter.com\/factorialapp","https:\/\/www.linkedin.com\/company\/factorialhr","https:\/\/www.youtube.com\/@factorialmedia","https:\/\/www.instagram.com\/factorial\/#"]},{"@type":"Person","@id":"https:\/\/factorialhr.co\/blog\/#\/schema\/person\/c9b78160fc2c51e10d67f545c59c0837","name":"Melisa Fern\u00e1ndez","image":{"@type":"ImageObject","inLanguage":"es-CO","@id":"https:\/\/factorialhr.co\/blog\/#\/schema\/person\/image\/","url":"https:\/\/secure.gravatar.com\/avatar\/c5b8f44949c5ff593372d53afaa96be1?s=96&d=identicon&r=g","contentUrl":"https:\/\/secure.gravatar.com\/avatar\/c5b8f44949c5ff593372d53afaa96be1?s=96&d=identicon&r=g","caption":"Melisa Fern\u00e1ndez"},"url":"https:\/\/factorialhr.co\/blog\/author\/freelancer-latam\/"}]}},"_links":{"self":[{"href":"https:\/\/factorialhr.co\/blog\/wp-json\/wp\/v2\/posts\/94713"}],"collection":[{"href":"https:\/\/factorialhr.co\/blog\/wp-json\/wp\/v2\/posts"}],"about":[{"href":"https:\/\/factorialhr.co\/blog\/wp-json\/wp\/v2\/types\/post"}],"author":[{"embeddable":true,"href":"https:\/\/factorialhr.co\/blog\/wp-json\/wp\/v2\/users\/127"}],"replies":[{"embeddable":true,"href":"https:\/\/factorialhr.co\/blog\/wp-json\/wp\/v2\/comments?post=94713"}],"version-history":[{"count":2,"href":"https:\/\/factorialhr.co\/blog\/wp-json\/wp\/v2\/posts\/94713\/revisions"}],"predecessor-version":[{"id":94724,"href":"https:\/\/factorialhr.co\/blog\/wp-json\/wp\/v2\/posts\/94713\/revisions\/94724"}],"wp:featuredmedia":[{"embeddable":true,"href":"https:\/\/factorialhr.co\/blog\/wp-json\/wp\/v2\/media\/94718"}],"wp:attachment":[{"href":"https:\/\/factorialhr.co\/blog\/wp-json\/wp\/v2\/media?parent=94713"}],"wp:term":[{"taxonomy":"category","embeddable":true,"href":"https:\/\/factorialhr.co\/blog\/wp-json\/wp\/v2\/categories?post=94713"},{"taxonomy":"post_tag","embeddable":true,"href":"https:\/\/factorialhr.co\/blog\/wp-json\/wp\/v2\/tags?post=94713"}],"curies":[{"name":"wp","href":"https:\/\/api.w.org\/{rel}","templated":true}]}}