{"id":93230,"date":"2023-02-17T13:09:07","date_gmt":"2023-02-17T11:09:07","guid":{"rendered":"https:\/\/factorialhr.com\/blog\/?p=93230"},"modified":"2023-02-17T16:47:50","modified_gmt":"2023-02-17T14:47:50","slug":"tendencias-en-edtech","status":"publish","type":"post","link":"https:\/\/factorialhr.co\/blog\/tendencias-en-edtech\/","title":{"rendered":"Tendencias en Edtech: los tipos de formaci\u00f3n laboral que vendr\u00e1n en 2023"},"content":{"rendered":"<p><span style=\"font-weight: 400;\">Seg\u00fan los datos de<\/span><a href=\"https:\/\/es.statista.com\/estadisticas\/561245\/porcentaje-de-poblacion-que-realizo-cursos-online-por-pais-en-la-union-europea\/\"> <span style=\"font-weight: 400;\">Statista<\/span><\/a><span style=\"font-weight: 400;\">, un 27,6% de los espa\u00f1oles ha usado Internet para realizar cursos online durante 2022. Esto supone un aumento espectacular con respecto al \u00faltimo dato, de 2019,<\/span><a href=\"https:\/\/es.statista.com\/grafico\/21745\/porcentaje-de-personas-que-han-realizado-un-curso-en-linea-en-los-ultimos-3-meses-en-paises-seleccionados\/\"> <span style=\"font-weight: 400;\">que situaba la cifra de formaci\u00f3n online en un 15%<\/span><\/a><span style=\"font-weight: 400;\">. La tendencia Edtech.<\/span><\/p>\n<p><span style=\"font-weight: 400;\">El sector educativo es, sin duda, uno de los que ha experimentado una evoluci\u00f3n tecnol\u00f3gica m\u00e1s profunda en los \u00faltimos a\u00f1os. <strong>Las posibilidades que desde hace un tiempo ofrecen ya est\u00e1n cambiando el presente de la educaci\u00f3n y prometen hacerlo todav\u00eda m\u00e1s en un futuro pr\u00f3ximo<\/strong>, transformando de forma radical la manera en la que adquirimos conocimientos, tanto en la formaci\u00f3n m\u00e1s reglada como en el \u00e1mbito de la empresa.\u00a0<\/span><\/p>\n<p><span style=\"font-weight: 400;\">Muchos expertos intentan vislumbrar, con los datos que tenemos sobre lo que est\u00e1 ocurriendo actualmente y las noticias de nuevos avances tecnol\u00f3gicos, hacia d\u00f3nde ir\u00e1 este sector. Aunque no resultar del todo sencillo viviendo en un contexto de constante cambio, algunos s\u00ed que se han atrevido a predecir cu\u00e1les ser\u00e1n algunas de las tendencias que marcar\u00e1n las novedades en Edtech para este a\u00f1o 2023.\u00a0<\/span><\/p>\n<div class=\"js-toc toc\">\n<p class=\"js-toc-title toc__title\">Tabla de contenidos<\/p>\n<nav id=\"fac_toc_nav\" class=\"js-toc-nav toc__nav\" aria-label=\"Tabla de contenidos\"><ol class=\"toc__list toc__list--level-1\"><li class=\"toc-heading-level-2\"><a class=\"toc__link toc-link-heading-1\" href=\"https:\/\/factorialhr.co\/blog\/tendencias-en-edtech\/#mayor-uso-de-la-inteligencia-artificial-en-edtech\" title=\"Mayor uso de la inteligencia artificial en Edtech\" data-target-id=\"mayor-uso-de-la-inteligencia-artificial-en-edtech\">Mayor uso de la inteligencia artificial en Edtech<\/a><\/li><li class=\"toc-heading-level-2\"><a class=\"toc__link toc-link-heading-2\" href=\"https:\/\/factorialhr.co\/blog\/tendencias-en-edtech\/#realidad-virtual-y-la-realidad-aumentada\" title=\"Realidad virtual y la realidad aumentada\u00a0\" data-target-id=\"realidad-virtual-y-la-realidad-aumentada\">Realidad virtual y la realidad aumentada\u00a0<\/a><\/li><li class=\"toc-heading-level-2\"><a class=\"toc__link toc-link-heading-3\" href=\"https:\/\/factorialhr.co\/blog\/tendencias-en-edtech\/#hegemonia-del-elearning\" title=\"Hegemon\u00eda del eLearning\" data-target-id=\"hegemonia-del-elearning\">Hegemon\u00eda del eLearning<\/a><\/li><li class=\"toc-heading-level-2\"><a class=\"toc__link toc-link-heading-4\" href=\"https:\/\/factorialhr.co\/blog\/tendencias-en-edtech\/#gamificacion\" title=\"Gamificaci\u00f3n\" data-target-id=\"gamificacion\">Gamificaci\u00f3n<\/a><\/li><li class=\"toc-heading-level-2\"><a class=\"toc__link toc-link-heading-5\" href=\"https:\/\/factorialhr.co\/blog\/tendencias-en-edtech\/#formacion-adaptada-a-las-personas\" title=\"Formaci\u00f3n adaptada a las personas\" data-target-id=\"formacion-adaptada-a-las-personas\">Formaci\u00f3n adaptada a las personas<\/a><\/li><\/ol><\/nav><\/div>\n<h2><b>Mayor uso de la inteligencia artificial en Edtech<\/b><\/h2>\n<p><span style=\"font-weight: 400;\">Como en muchos otros campos de nuestra vida personal y profesional, la inteligencia artificial (IA) tambi\u00e9n ha llegado a la educaci\u00f3n y promete tener un enorme e imprevisible impacto en los pr\u00f3ximos a\u00f1os. Los profesores especialistas en este cambio todav\u00eda est\u00e1n evaluando el impacto que aplicaciones como ChatGPT \u2013chatbot\u00a0de\u00a0inteligencia artificial\u00a0desarrollado en 2022 por\u00a0OpenAI especializado en el di\u00e1logo con un interlocutor humano\u2013 pueden acabar teniendo en la educaci\u00f3n de los m\u00e1s j\u00f3venes.\u00a0<\/span><\/p>\n \n <!--HubSpot Call-to-Action Code -->\n    <span class=\"hs-cta-wrapper\" id=\"hs-cta-wrapper-f78b45ad-a5f4-4973-aac5-f1f49162ca37\">\n        <span class=\"hs-cta-node hs-cta-f78b45ad-a5f4-4973-aac5-f1f49162ca37\" id=\"f78b45ad-a5f4-4973-aac5-f1f49162ca37\">\n            <a href=\"https:\/\/cta-redirect.hubspot.com\/cta\/redirect\/4960096\/f78b45ad-a5f4-4973-aac5-f1f49162ca37\">\n                <img decoding=\"async\" class=\"lazyload hs-cta-img\" id=\"hs-cta-img-f78b45ad-a5f4-4973-aac5-f1f49162ca37\" style=\"border-width:0px;\" src=\"https:\/\/no-cache.hubspot.com\/cta\/default\/4960096\/f78b45ad-a5f4-4973-aac5-f1f49162ca37.png\"  alt=\"\u201ctendencias\" width=\"\u201c900\u201d\" height=\"\u201c308\u201d\" \/>\n            <\/a>\n        <\/span>\n        <script type=\"text\/javascript\">\n            function loadCTA(){\n                window.hbspt.cta.load(4960096, 'f78b45ad-a5f4-4973-aac5-f1f49162ca37', {'region': 'eu1'})\n            }\n            if(window.hbspt){\n                loadCTA()\n            }else{\n                Defer.js(\n                    'https:\/\/js.hubspot.com\/cta\/current.js',\n                    'hubspotCTA', \n                    0, \n                    loadCTA\n                );\n            }\n        <\/script>\n    <\/span>\n<!-- end HubSpot Call-to-Action Code -->\n\n<p><span style=\"font-weight: 400;\">Sin embargo, <strong>no todo son amenazas,<\/strong> muchas herramientas prometen facilitar y ampliar la efectividad de la Edtech de una forma in\u00e9dita.<\/span><\/p>\n<p><span style=\"font-weight: 400;\">Entre las aplicaciones de IA que ya est\u00e1n disponibles para su uso a d\u00eda de hoy destacan algunas como:<\/span><\/p>\n<ul>\n<li style=\"font-weight: 400;\" aria-level=\"1\"><b>Itinerarios de aprendizaje personalizados.<\/b><span style=\"font-weight: 400;\"> Las inteligencias artificiales ya se utilizan en algunas organizaciones para diferenciar entre los distintos tipos de alumnos e identificar en qu\u00e9 \u00e1reas necesitan un mayor impulso a su formaci\u00f3n.\u00a0<\/span><\/li>\n<li style=\"font-weight: 400;\" aria-level=\"1\"><b>Evaluaciones automatizadas.<\/b><span style=\"font-weight: 400;\"> Las nuevas herramientas permiten de forma f\u00e1cil, no solo calificar las pruebas cuantitativas, sino tambi\u00e9n realizar evaluaciones cualitativas de los trabajos que realicen los alumnos. Esto no solo ayuda a agilizar la formaci\u00f3n y descargar de trabajo a los profesores, sino que tambi\u00e9n elimina cualquier tipo de sesgo a la hora de calificar. En las grandes organizaciones adem\u00e1s, manejar grandes vol\u00famenes de resultados de las formaciones, ayuda a evaluar su calidad o el impacto real que est\u00e1n teniendo en la organizaci\u00f3n.<\/span><\/li>\n<li style=\"font-weight: 400;\" aria-level=\"1\"><b>Realizaci\u00f3n de comentarios en tiempo real.<\/b><span style=\"font-weight: 400;\"> En ocasiones puede resultar muy \u00fatil que los alumnos reciban <\/span><i><span style=\"font-weight: 400;\">feedback<\/span><\/i><span style=\"font-weight: 400;\"> en tiempo real de c\u00f3mo est\u00e1n aplicando las ense\u00f1anzas aprendidas. Un ejemplo de esto ser\u00eda lo que explic\u00f3 el profesor Kevin Martin<\/span><a href=\"https:\/\/www.cambridge.org\/elt\/blog\/2023\/02\/02\/top-5-edtech-trends-for-2023\/\"> <span style=\"font-weight: 400;\">en un art\u00edculo publicado en la web de la Universidad de Cambridge<\/span><\/a><span style=\"font-weight: 400;\">: una IA que es capaz de dar comentarios sobre el tono, el ritmo y hasta las expresiones faciales o los gestos de alumnos que est\u00e1n prepar\u00e1ndose para hablar en p\u00fablico.<\/span><\/li>\n<li style=\"font-weight: 400;\" aria-level=\"1\"><b>Simplificaci\u00f3n de tareas administrativas o no esenciales.<\/b><span style=\"font-weight: 400;\"> Muchas de las tareas que menos valor aportan en los procesos de ense\u00f1anza, pueden ser realizadas por IAs. Por ejemplo el control de asistencia, inscripci\u00f3n, admisi\u00f3n, etc.<\/span><\/li>\n<\/ul>\n<h2><b>Realidad virtual y la realidad aumentada\u00a0<\/b><\/h2>\n<p><span style=\"font-weight: 400;\">Para algunos tipos de Edtech muy espec\u00edficos puede resultar especialmente interesante el uso de dispositivos de realidad virtual o realidad aumentada para confrontar a los equipos de una compa\u00f1\u00eda con situaciones reales que resultar\u00eda complicado realizar en la realidad.<\/span><\/p>\n<p><span style=\"font-weight: 400;\">Gracias a estas tecnolog\u00edas, que adem\u00e1s cada vez son m\u00e1s baratas y f\u00e1ciles de implementar, se pueden recrear situaciones como la operaci\u00f3n con grandes m\u00e1quinas (que normalmente est\u00e1n en uso en una factor\u00eda, por ejemplo) o actuar ante situaciones de emergencia.<\/span><\/p>\n<p><em><strong>Lee tambi\u00e9n:\u00a0<a href=\"https:\/\/factorialhr.co\/blog\/competencias-laborales\/\">Las 10 competencias laborales m\u00e1s valoradas por las empresas<\/a><\/strong><\/em><\/p>\n<h2><b>Hegemon\u00eda del eLearning<\/b><\/h2>\n<p><span style=\"font-weight: 400;\">Aunque ya lleva tiempo con un ascenso imparable, el eLearning este a\u00f1o expandir\u00e1 todav\u00eda m\u00e1s su dominio en las actividades formativas. Su flexibilidad, su escalabilidad y la reducci\u00f3n de costes que proporciona, han sido clave en su expansi\u00f3n, que tambi\u00e9n disfrut\u00f3 de un impulso decisivo debido a los efectos de la pandemia de la covid-19 y el posterior confinamiento.<\/span><\/p>\n<p><span style=\"font-weight: 400;\">En la actualidad ya puede hacerse algo que era pr\u00e1cticamente impensable hace algunos a\u00f1os, <strong>obtener un t\u00edtulo universitario sin pisar ni un solo d\u00eda la universidad.\u00a0<\/strong><\/span><\/p>\n<p><span style=\"font-weight: 400;\">Aunque esto, obviamente, tiene sus cr\u00edticos, no est\u00e1 previsto que el eLearning sufra ning\u00fan tipo de retroceso durante 2023.\u00a0<\/span><\/p>\n<p><strong><em>Descubre:\u00a0<a href=\"https:\/\/factorialhr.co\/blog\/recursos-tecnologicos-empresa\/\">Aprovechar los recursos tecnol\u00f3gicos de una empresa en RRHH<\/a><\/em><\/strong><\/p>\n<h2><b>Gamificaci\u00f3n<\/b><\/h2>\n<p><span style=\"font-weight: 400;\">La gamificaci\u00f3n no es precisamente algo nuevo en educaci\u00f3n. Desde siempre, los profesores han utilizado multitud de t\u00e9cnicas para conseguir la atenci\u00f3n de sus alumnos y recompensarlos cuando siguen sus indicaciones o demuestran haber aprovechado una clase.\u00a0<\/span><\/p>\n<p><span style=\"font-weight: 400;\">Pero en la actualidad existen numerosos ejemplos de <strong>aplicaciones y cursos en los que se utilizan los retos y las recompensas para fomentar la implicaci\u00f3n de los alumnos en las formaciones Edtech.<\/strong><\/span><\/p>\n<p><span style=\"font-weight: 400;\">Un ejemplo claro de gamificaci\u00f3n para el aprendizaje son aplicaciones del estilo de <a href=\"https:\/\/es.duolingo.com\/\">Duolingo<\/a>, que ense\u00f1a idiomas plante\u00e1ndole al usuario desaf\u00edos divertidos que le ayudan a la hora de crear un h\u00e1bito de aprendizaje.<\/span><\/p>\n \n <!--HubSpot Call-to-Action Code -->\n    <span class=\"hs-cta-wrapper\" id=\"hs-cta-wrapper-baf7a6d7-8c33-4477-8dd5-a48f28e2ceff\">\n        <span class=\"hs-cta-node hs-cta-baf7a6d7-8c33-4477-8dd5-a48f28e2ceff\" id=\"baf7a6d7-8c33-4477-8dd5-a48f28e2ceff\">\n            <a href=\"https:\/\/cta-redirect.hubspot.com\/cta\/redirect\/4960096\/baf7a6d7-8c33-4477-8dd5-a48f28e2ceff\">\n                <img decoding=\"async\" class=\"lazyload hs-cta-img\" id=\"hs-cta-img-baf7a6d7-8c33-4477-8dd5-a48f28e2ceff\" style=\"border-width:0px;\" src=\"https:\/\/no-cache.hubspot.com\/cta\/default\/4960096\/baf7a6d7-8c33-4477-8dd5-a48f28e2ceff.png\"  alt=\"ebook desempe\u00f1o\" width=\"900\" height=\"308\" \/>\n            <\/a>\n        <\/span>\n        <script type=\"text\/javascript\">\n            function loadCTA(){\n                window.hbspt.cta.load(4960096, 'baf7a6d7-8c33-4477-8dd5-a48f28e2ceff', {'region': 'eu1'})\n            }\n            if(window.hbspt){\n                loadCTA()\n            }else{\n                Defer.js(\n                    'https:\/\/js.hubspot.com\/cta\/current.js',\n                    'hubspotCTA', \n                    0, \n                    loadCTA\n                );\n            }\n        <\/script>\n    <\/span>\n<!-- end HubSpot Call-to-Action Code -->\n\n<h2><b>Formaci\u00f3n adaptada a las personas<\/b><\/h2>\n<p><span style=\"font-weight: 400;\">Finalmente, destacar que la Inteligencia Artificial no solo puede utilizarse para mejorar la efectividad de la propia formaci\u00f3n, sino que tambi\u00e9n permite realizar tareas que a veces son mucho m\u00e1s sutiles y complejas. Por ejemplo, evaluar o mejorar la salud mental de los alumnos <strong>a trav\u00e9s de t\u00e9cnicas personalizadas de reducci\u00f3n del estr\u00e9s<\/strong> o para facilitar conversaciones que a veces resultan complicadas (y todav\u00eda m\u00e1s en un entorno laboral).\u00a0<\/span><\/p>\n<p><span style=\"font-weight: 400;\">Algunas instituciones ya ofrecen servicios de <\/span><i><span style=\"font-weight: 400;\">chatbots<\/span><\/i><span style=\"font-weight: 400;\"> con los que los usuarios pueden tratar estas cuestiones. Este tipo de ayudas pueden permitir a los alumnos desarrollar habilidades como la empat\u00eda, la comunicaci\u00f3n y la resoluci\u00f3n de problemas, <strong>que pueden resultar extremadamente \u00fatiles en el d\u00eda a d\u00eda de las organizaciones.<\/strong><\/span><\/p>\n<p><span style=\"font-weight: 400;\">En definitiva, durante este 2023 y en los pr\u00f3ximos a\u00f1os, est\u00e1 claro que la tecnolog\u00eda de la formaci\u00f3n o Edtech recibir\u00e1 un impulso important\u00edsimo que la har\u00e1 m\u00e1s efectiva, m\u00e1s flexible y m\u00e1s barata, liberando a los profesores de toda una serie de tareas que durante d\u00e9cadas les han hecho perder un tiempo muy valioso. <strong>Las nuevas tecnolog\u00edas no han llegado para reemplazar a los maestros, m\u00e1s bien est\u00e1n aqu\u00ed para apoyarles.<\/strong><\/span><\/p>\n<p><em><strong><a href=\"https:\/\/factorialhr.co\/gestion-de-capacitaciones\">\ud83d\udc49\u200aLa formaci\u00f3n de tus equipos con Factorial aprovecha las nuevas tecnolog\u00edas. Desc\u00fabrelo.<\/a><\/strong><\/em><\/p>\n","protected":false},"excerpt":{"rendered":"<p>Seg\u00fan los datos de Statista, un 27,6% de los espa\u00f1oles ha usado Internet para realizar cursos online durante 2022. Esto supone un aumento espectacular con respecto al \u00faltimo dato, de 2019, que situaba la cifra de formaci\u00f3n online en un 15%. La tendencia Edtech. El sector educativo es, sin duda, uno de los que ha<a href=\"https:\/\/factorialhr.co\/blog\/tendencias-en-edtech\/\" class=\"read-more\"> [&#8230;]<\/a><\/p>\n","protected":false},"author":179,"featured_media":93525,"comment_status":"closed","ping_status":"closed","sticky":false,"template":"","format":"standard","meta":{"_acf_changed":false,"footnotes":""},"categories":[373],"tags":[],"class_list":["post-93230","post","type-post","status-publish","format-standard","has-post-thumbnail","hentry","category-gestion-del-talento"],"acf":{"topics":false},"yoast_head":"<!-- This site is optimized with the Yoast SEO Premium plugin v21.5 (Yoast SEO v21.9.1) - https:\/\/yoast.com\/wordpress\/plugins\/seo\/ -->\n<title>Tendencias en Edtech: los tipos de formaci\u00f3n laboral que vendr\u00e1n en 2023 | Factorial<\/title>\n<meta name=\"description\" content=\"La tendencia Edtech ha evolucionado mucho en los \u00faltimos a\u00f1os. Un cambio que ser\u00e1 positivo para las empresas si sabe implementarse.\" \/>\n<meta name=\"robots\" content=\"index, follow, max-snippet:-1, max-image-preview:large, max-video-preview:-1\" \/>\n<link rel=\"canonical\" href=\"https:\/\/factorialhr.co\/blog\/tendencias-en-edtech\/\" \/>\n<meta property=\"og:locale\" content=\"es_ES\" \/>\n<meta property=\"og:type\" content=\"article\" \/>\n<meta property=\"og:title\" content=\"Tendencias en Edtech: los tipos de formaci\u00f3n laboral que vendr\u00e1n en 2023\" \/>\n<meta property=\"og:description\" content=\"La tendencia Edtech ha evolucionado mucho en los \u00faltimos a\u00f1os. Un cambio que ser\u00e1 positivo para las empresas si sabe implementarse.\" \/>\n<meta property=\"og:url\" content=\"https:\/\/factorialhr.co\/blog\/tendencias-en-edtech\/\" \/>\n<meta property=\"og:site_name\" content=\"Factorial\" \/>\n<meta property=\"article:publisher\" content=\"https:\/\/www.facebook.com\/people\/Factorial\/100064908455810\/\" \/>\n<meta property=\"article:published_time\" content=\"2023-02-17T11:09:07+00:00\" \/>\n<meta property=\"article:modified_time\" content=\"2023-02-17T14:47:50+00:00\" \/>\n<meta property=\"og:image\" content=\"https:\/\/factorialhr.co\/wp-content\/uploads\/2023\/02\/17150751\/nuevas-tendencias-en-Edtech-los-nuevos-tipos-de-formacion.jpg\" \/>\n\t<meta property=\"og:image:width\" content=\"1000\" \/>\n\t<meta property=\"og:image:height\" content=\"500\" \/>\n\t<meta property=\"og:image:type\" content=\"image\/jpeg\" \/>\n<meta name=\"author\" content=\"Juanjo Villalba\" \/>\n<meta name=\"twitter:card\" content=\"summary_large_image\" \/>\n<meta name=\"twitter:creator\" content=\"@factorialapp\" \/>\n<meta name=\"twitter:site\" content=\"@factorialapp\" \/>\n<meta name=\"twitter:label1\" content=\"Written by\" \/>\n\t<meta name=\"twitter:data1\" content=\"Juanjo Villalba\" \/>\n\t<meta name=\"twitter:label2\" content=\"Est. reading time\" \/>\n\t<meta name=\"twitter:data2\" content=\"6 minutes\" \/>\n<script type=\"application\/ld+json\" class=\"yoast-schema-graph\">{\"@context\":\"https:\/\/schema.org\",\"@graph\":[{\"@type\":\"Article\",\"@id\":\"https:\/\/factorialhr.co\/blog\/tendencias-en-edtech\/#article\",\"isPartOf\":{\"@id\":\"https:\/\/factorialhr.co\/blog\/tendencias-en-edtech\/\"},\"author\":{\"name\":\"Juanjo Villalba\",\"@id\":\"https:\/\/factorialhr.co\/blog\/#\/schema\/person\/e6546176671e7b921fae1e683f79d27c\"},\"headline\":\"Tendencias en Edtech: los tipos de formaci\u00f3n laboral que vendr\u00e1n en 2023\",\"datePublished\":\"2023-02-17T11:09:07+00:00\",\"dateModified\":\"2023-02-17T14:47:50+00:00\",\"mainEntityOfPage\":{\"@id\":\"https:\/\/factorialhr.co\/blog\/tendencias-en-edtech\/\"},\"wordCount\":1224,\"publisher\":{\"@id\":\"https:\/\/factorialhr.co\/blog\/#organization\"},\"articleSection\":[\"Gesti\u00f3n del talento\"],\"inLanguage\":\"es-CO\"},{\"@type\":\"WebPage\",\"@id\":\"https:\/\/factorialhr.co\/blog\/tendencias-en-edtech\/\",\"url\":\"https:\/\/factorialhr.co\/blog\/tendencias-en-edtech\/\",\"name\":\"Tendencias en Edtech: los tipos de formaci\u00f3n laboral que vendr\u00e1n en 2023 | Factorial\",\"isPartOf\":{\"@id\":\"https:\/\/factorialhr.co\/blog\/#website\"},\"datePublished\":\"2023-02-17T11:09:07+00:00\",\"dateModified\":\"2023-02-17T14:47:50+00:00\",\"description\":\"La tendencia Edtech ha evolucionado mucho en los \u00faltimos a\u00f1os. Un cambio que ser\u00e1 positivo para las empresas si sabe implementarse.\",\"inLanguage\":\"es-CO\",\"potentialAction\":[{\"@type\":\"ReadAction\",\"target\":[\"https:\/\/factorialhr.co\/blog\/tendencias-en-edtech\/\"]}]},{\"@type\":\"WebSite\",\"@id\":\"https:\/\/factorialhr.co\/blog\/#website\",\"url\":\"https:\/\/factorialhr.co\/blog\/\",\"name\":\"Factorial\",\"description\":\"\",\"publisher\":{\"@id\":\"https:\/\/factorialhr.co\/blog\/#organization\"},\"potentialAction\":[{\"@type\":\"SearchAction\",\"target\":{\"@type\":\"EntryPoint\",\"urlTemplate\":\"https:\/\/factorialhr.co\/blog\/?s={search_term_string}\"},\"query-input\":\"required name=search_term_string\"}],\"inLanguage\":\"es-CO\"},{\"@type\":\"Organization\",\"@id\":\"https:\/\/factorialhr.co\/blog\/#organization\",\"name\":\"All-in-one business management software - Factorial\",\"url\":\"https:\/\/factorialhr.co\/blog\/\",\"logo\":{\"@type\":\"ImageObject\",\"inLanguage\":\"es-CO\",\"@id\":\"https:\/\/factorialhr.co\/blog\/#\/schema\/logo\/image\/\",\"url\":\"https:\/\/factorialhr.co\/wp-content\/uploads\/2023\/07\/18155144\/factorial-logo.png\",\"contentUrl\":\"https:\/\/factorialhr.co\/wp-content\/uploads\/2023\/07\/18155144\/factorial-logo.png\",\"width\":946,\"height\":880,\"caption\":\"All-in-one business management software - Factorial\"},\"image\":{\"@id\":\"https:\/\/factorialhr.co\/blog\/#\/schema\/logo\/image\/\"},\"sameAs\":[\"https:\/\/www.facebook.com\/people\/Factorial\/100064908455810\/\",\"https:\/\/twitter.com\/factorialapp\",\"https:\/\/www.linkedin.com\/company\/factorialhr\",\"https:\/\/www.youtube.com\/@factorialmedia\",\"https:\/\/www.instagram.com\/factorial\/#\"]},{\"@type\":\"Person\",\"@id\":\"https:\/\/factorialhr.co\/blog\/#\/schema\/person\/e6546176671e7b921fae1e683f79d27c\",\"name\":\"Juanjo Villalba\",\"image\":{\"@type\":\"ImageObject\",\"inLanguage\":\"es-CO\",\"@id\":\"https:\/\/factorialhr.co\/blog\/#\/schema\/person\/image\/\",\"url\":\"https:\/\/secure.gravatar.com\/avatar\/89f18f859aa173964ebb48554de92105?s=96&d=identicon&r=g\",\"contentUrl\":\"https:\/\/secure.gravatar.com\/avatar\/89f18f859aa173964ebb48554de92105?s=96&d=identicon&r=g\",\"caption\":\"Juanjo Villalba\"},\"description\":\"Periodista freelance de Barcelona especializado en econom\u00eda, tecnolog\u00eda, lifestyle, cultura y relaciones. Fue Director editorial de Vice Espa\u00f1a y su trabajo ha aparecido en medios como El Pa\u00eds, El Peri\u00f3dico de Espa\u00f1a, S Moda, Vice y Yorokobu, entre otros.\",\"sameAs\":[\"https:\/\/www.linkedin.com\/in\/juanjo-villalba-a0005914\/\"],\"url\":\"https:\/\/factorialhr.co\/blog\/author\/juanjo-villalba\/\"}]}<\/script>\n<!-- \/ Yoast SEO Premium plugin. -->","yoast_head_json":{"title":"Tendencias en Edtech: los tipos de formaci\u00f3n laboral que vendr\u00e1n en 2023 | Factorial","description":"La tendencia Edtech ha evolucionado mucho en los \u00faltimos a\u00f1os. Un cambio que ser\u00e1 positivo para las empresas si sabe implementarse.","robots":{"index":"index","follow":"follow","max-snippet":"max-snippet:-1","max-image-preview":"max-image-preview:large","max-video-preview":"max-video-preview:-1"},"canonical":"https:\/\/factorialhr.co\/blog\/tendencias-en-edtech\/","og_locale":"es_ES","og_type":"article","og_title":"Tendencias en Edtech: los tipos de formaci\u00f3n laboral que vendr\u00e1n en 2023","og_description":"La tendencia Edtech ha evolucionado mucho en los \u00faltimos a\u00f1os. Un cambio que ser\u00e1 positivo para las empresas si sabe implementarse.","og_url":"https:\/\/factorialhr.co\/blog\/tendencias-en-edtech\/","og_site_name":"Factorial","article_publisher":"https:\/\/www.facebook.com\/people\/Factorial\/100064908455810\/","article_published_time":"2023-02-17T11:09:07+00:00","article_modified_time":"2023-02-17T14:47:50+00:00","og_image":[{"width":1000,"height":500,"url":"https:\/\/factorialhr.co\/wp-content\/uploads\/2023\/02\/17150751\/nuevas-tendencias-en-Edtech-los-nuevos-tipos-de-formacion.jpg","type":"image\/jpeg"}],"author":"Juanjo Villalba","twitter_card":"summary_large_image","twitter_creator":"@factorialapp","twitter_site":"@factorialapp","twitter_misc":{"Written by":"Juanjo Villalba","Est. reading time":"6 minutes"},"schema":{"@context":"https:\/\/schema.org","@graph":[{"@type":"Article","@id":"https:\/\/factorialhr.co\/blog\/tendencias-en-edtech\/#article","isPartOf":{"@id":"https:\/\/factorialhr.co\/blog\/tendencias-en-edtech\/"},"author":{"name":"Juanjo Villalba","@id":"https:\/\/factorialhr.co\/blog\/#\/schema\/person\/e6546176671e7b921fae1e683f79d27c"},"headline":"Tendencias en Edtech: los tipos de formaci\u00f3n laboral que vendr\u00e1n en 2023","datePublished":"2023-02-17T11:09:07+00:00","dateModified":"2023-02-17T14:47:50+00:00","mainEntityOfPage":{"@id":"https:\/\/factorialhr.co\/blog\/tendencias-en-edtech\/"},"wordCount":1224,"publisher":{"@id":"https:\/\/factorialhr.co\/blog\/#organization"},"articleSection":["Gesti\u00f3n del talento"],"inLanguage":"es-CO"},{"@type":"WebPage","@id":"https:\/\/factorialhr.co\/blog\/tendencias-en-edtech\/","url":"https:\/\/factorialhr.co\/blog\/tendencias-en-edtech\/","name":"Tendencias en Edtech: los tipos de formaci\u00f3n laboral que vendr\u00e1n en 2023 | Factorial","isPartOf":{"@id":"https:\/\/factorialhr.co\/blog\/#website"},"datePublished":"2023-02-17T11:09:07+00:00","dateModified":"2023-02-17T14:47:50+00:00","description":"La tendencia Edtech ha evolucionado mucho en los \u00faltimos a\u00f1os. Un cambio que ser\u00e1 positivo para las empresas si sabe implementarse.","inLanguage":"es-CO","potentialAction":[{"@type":"ReadAction","target":["https:\/\/factorialhr.co\/blog\/tendencias-en-edtech\/"]}]},{"@type":"WebSite","@id":"https:\/\/factorialhr.co\/blog\/#website","url":"https:\/\/factorialhr.co\/blog\/","name":"Factorial","description":"","publisher":{"@id":"https:\/\/factorialhr.co\/blog\/#organization"},"potentialAction":[{"@type":"SearchAction","target":{"@type":"EntryPoint","urlTemplate":"https:\/\/factorialhr.co\/blog\/?s={search_term_string}"},"query-input":"required name=search_term_string"}],"inLanguage":"es-CO"},{"@type":"Organization","@id":"https:\/\/factorialhr.co\/blog\/#organization","name":"All-in-one business management software - Factorial","url":"https:\/\/factorialhr.co\/blog\/","logo":{"@type":"ImageObject","inLanguage":"es-CO","@id":"https:\/\/factorialhr.co\/blog\/#\/schema\/logo\/image\/","url":"https:\/\/factorialhr.co\/wp-content\/uploads\/2023\/07\/18155144\/factorial-logo.png","contentUrl":"https:\/\/factorialhr.co\/wp-content\/uploads\/2023\/07\/18155144\/factorial-logo.png","width":946,"height":880,"caption":"All-in-one business management software - Factorial"},"image":{"@id":"https:\/\/factorialhr.co\/blog\/#\/schema\/logo\/image\/"},"sameAs":["https:\/\/www.facebook.com\/people\/Factorial\/100064908455810\/","https:\/\/twitter.com\/factorialapp","https:\/\/www.linkedin.com\/company\/factorialhr","https:\/\/www.youtube.com\/@factorialmedia","https:\/\/www.instagram.com\/factorial\/#"]},{"@type":"Person","@id":"https:\/\/factorialhr.co\/blog\/#\/schema\/person\/e6546176671e7b921fae1e683f79d27c","name":"Juanjo Villalba","image":{"@type":"ImageObject","inLanguage":"es-CO","@id":"https:\/\/factorialhr.co\/blog\/#\/schema\/person\/image\/","url":"https:\/\/secure.gravatar.com\/avatar\/89f18f859aa173964ebb48554de92105?s=96&d=identicon&r=g","contentUrl":"https:\/\/secure.gravatar.com\/avatar\/89f18f859aa173964ebb48554de92105?s=96&d=identicon&r=g","caption":"Juanjo Villalba"},"description":"Periodista freelance de Barcelona especializado en econom\u00eda, tecnolog\u00eda, lifestyle, cultura y relaciones. Fue Director editorial de Vice Espa\u00f1a y su trabajo ha aparecido en medios como El Pa\u00eds, El Peri\u00f3dico de Espa\u00f1a, S Moda, Vice y Yorokobu, entre otros.","sameAs":["https:\/\/www.linkedin.com\/in\/juanjo-villalba-a0005914\/"],"url":"https:\/\/factorialhr.co\/blog\/author\/juanjo-villalba\/"}]}},"_links":{"self":[{"href":"https:\/\/factorialhr.co\/blog\/wp-json\/wp\/v2\/posts\/93230"}],"collection":[{"href":"https:\/\/factorialhr.co\/blog\/wp-json\/wp\/v2\/posts"}],"about":[{"href":"https:\/\/factorialhr.co\/blog\/wp-json\/wp\/v2\/types\/post"}],"author":[{"embeddable":true,"href":"https:\/\/factorialhr.co\/blog\/wp-json\/wp\/v2\/users\/179"}],"replies":[{"embeddable":true,"href":"https:\/\/factorialhr.co\/blog\/wp-json\/wp\/v2\/comments?post=93230"}],"version-history":[{"count":10,"href":"https:\/\/factorialhr.co\/blog\/wp-json\/wp\/v2\/posts\/93230\/revisions"}],"predecessor-version":[{"id":93514,"href":"https:\/\/factorialhr.co\/blog\/wp-json\/wp\/v2\/posts\/93230\/revisions\/93514"}],"wp:featuredmedia":[{"embeddable":true,"href":"https:\/\/factorialhr.co\/blog\/wp-json\/wp\/v2\/media\/93525"}],"wp:attachment":[{"href":"https:\/\/factorialhr.co\/blog\/wp-json\/wp\/v2\/media?parent=93230"}],"wp:term":[{"taxonomy":"category","embeddable":true,"href":"https:\/\/factorialhr.co\/blog\/wp-json\/wp\/v2\/categories?post=93230"},{"taxonomy":"post_tag","embeddable":true,"href":"https:\/\/factorialhr.co\/blog\/wp-json\/wp\/v2\/tags?post=93230"}],"curies":[{"name":"wp","href":"https:\/\/api.w.org\/{rel}","templated":true}]}}