{"id":69471,"date":"2022-03-15T17:44:04","date_gmt":"2022-03-15T15:44:04","guid":{"rendered":"https:\/\/factorialhr.com\/blog\/?p=69471"},"modified":"2023-04-21T13:47:05","modified_gmt":"2023-04-21T11:47:05","slug":"puestos-de-trabajo","status":"publish","type":"post","link":"https:\/\/factorialhr.co\/blog\/puestos-de-trabajo\/","title":{"rendered":"Puestos de trabajo: formato para la descripci\u00f3n de tus ofertas laborales [+Plantilla]"},"content":{"rendered":"<p><span style=\"font-weight: 400;\"><span style=\"vertical-align: inherit;\"><span style=\"vertical-align: inherit;\">Sin lugar a dudas, las personas son el capital m\u00e1s importante de las empresas. <\/span><span style=\"vertical-align: inherit;\">En este sentido, para toda la organizaci\u00f3n resulta fundamental formar equipos de trabajo con los colaboradores adecuados. <\/span><span style=\"vertical-align: inherit;\">Por ello, una de las responsabilidades principales para quienes trabajan en el \u00e1rea de Recursos Humanos consiste en reclutar al personal id\u00f3neo. <\/span><span style=\"vertical-align: inherit;\">Dentro de esta actividad hay muchas tareas a realizar, pero una de las m\u00e1s destacadas es la <\/span><\/span><\/span><b><span style=\"vertical-align: inherit;\"><span style=\"vertical-align: inherit;\">descripci\u00f3n de puestos de trabajo.<\/span><\/span><\/b><\/p>\n<p><span style=\"font-weight: 400;\"><span style=\"vertical-align: inherit;\"><span style=\"vertical-align: inherit;\">Esta, que puede parecer una actividad sencilla, no lo es. <\/span><span style=\"vertical-align: inherit;\">De hecho, suele demandar muchas horas en los departamentos de RH <\/span><span style=\"vertical-align: inherit;\">Y esto en parte se debe a todos los detalles a evaluar al crear una <\/span><\/span><\/span><b><span style=\"vertical-align: inherit;\"><span style=\"vertical-align: inherit;\">descripci\u00f3n de puestos.<\/span><\/span><\/b><\/p>\n<p><span style=\"font-weight: 400;\"><span style=\"vertical-align: inherit;\"><span style=\"vertical-align: inherit;\">Teniendo en cuenta c\u00f3mo influye esta pr\u00e1ctica en el \u00e9xito de la organizaci\u00f3n, es fundamental aprender a llevarla a cabo de la manera adecuada. <\/span><span style=\"vertical-align: inherit;\">Por esta raz\u00f3n, hoy te contaremos todo lo que necesitas saber sobre la <\/span><\/span><\/span><b><span style=\"vertical-align: inherit;\"><span style=\"vertical-align: inherit;\">descripci\u00f3n de puestos de una empresa.<\/span><\/span><\/b><\/p>\n<div class=\"js-toc toc\">\n<p class=\"js-toc-title toc__title\">Tabla de contenidos<\/p>\n<nav id=\"fac_toc_nav\" class=\"js-toc-nav toc__nav\" aria-label=\"Tabla de contenidos\"><ol class=\"toc__list toc__list--level-1\"><li class=\"toc-heading-level-2\"><a class=\"toc__link toc-link-heading-1\" href=\"https:\/\/factorialhr.co\/blog\/puestos-de-trabajo\/#\u00bfque-es-la-descripcion-de-puestos-de-trabajo\" title=\"\u00bfQu\u00e9 es la descripci\u00f3n de puestos de trabajo?\" data-target-id=\"\u00bfque-es-la-descripcion-de-puestos-de-trabajo\">\u00bfQu\u00e9 es la descripci\u00f3n de puestos de trabajo?<\/a><\/li><li class=\"toc-heading-level-2\"><a class=\"toc__link toc-link-heading-2\" href=\"https:\/\/factorialhr.co\/blog\/puestos-de-trabajo\/#\u00bfpor-que-es-importante-la-descripcion-de-puestos-de-una-empresa\" title=\"\u00bfPor qu\u00e9 es importante la descripci\u00f3n de puestos de una empresa?\" data-target-id=\"\u00bfpor-que-es-importante-la-descripcion-de-puestos-de-una-empresa\">\u00bfPor qu\u00e9 es importante la descripci\u00f3n de puestos de una empresa?<\/a><\/li><li class=\"toc-heading-level-2\"><a class=\"toc__link toc-link-heading-3\" href=\"https:\/\/factorialhr.co\/blog\/puestos-de-trabajo\/#descripcion-de-puestos-de-trabajo-\u00bfcomo-elaborarla\" title=\"Descripci\u00f3n de puestos de trabajo \u00bfC\u00f3mo elaborarla?\" data-target-id=\"descripcion-de-puestos-de-trabajo-\u00bfcomo-elaborarla\">Descripci\u00f3n de puestos de trabajo \u00bfC\u00f3mo elaborarla?<\/a><\/li><li class=\"toc-heading-level-2\"><a class=\"toc__link toc-link-heading-4\" href=\"https:\/\/factorialhr.co\/blog\/puestos-de-trabajo\/#descarga-el-formato-base-para-la-descripcion-de-puestos-de-trabajo\" title=\"Descarga el formato base para la descripci\u00f3n de puestos de trabajo\" data-target-id=\"descarga-el-formato-base-para-la-descripcion-de-puestos-de-trabajo\">Descarga el formato base para la descripci\u00f3n de puestos de trabajo<\/a><\/li><\/ol><\/nav><\/div>\n<h2><span style=\"font-weight: 400;\"><span style=\"vertical-align: inherit;\"><span style=\"vertical-align: inherit;\">\u00bfQu\u00e9 es la descripci\u00f3n de puestos de trabajo?<\/span><\/span><\/span><\/h2>\n<p><span style=\"font-weight: 400;\"><span style=\"vertical-align: inherit;\"><span style=\"vertical-align: inherit;\">Si te preguntas <\/span><\/span><\/span><b><span style=\"vertical-align: inherit;\"><span style=\"vertical-align: inherit;\">qu\u00e9 es descripci\u00f3n de puestos <\/span><\/span><\/b><span style=\"font-weight: 400;\"><span style=\"vertical-align: inherit;\"><span style=\"vertical-align: inherit;\">debemos comenzar diciendo que se trata de una herramienta muy \u00fatil para el \u00e1rea RH. <\/span><span style=\"vertical-align: inherit;\">Como tal, esta permite definir las principales funciones, responsabilidades, competencias y habilidades vinculadas a un determinado puesto laboral.\u00a0<\/span><\/span><\/span><\/p>\n<p><span style=\"font-weight: 400;\"><span style=\"vertical-align: inherit;\"><span style=\"vertical-align: inherit;\">B\u00e1sicamente, la <\/span><\/span><\/span><b><span style=\"vertical-align: inherit;\"><span style=\"vertical-align: inherit;\">descripci\u00f3n de puestos recursos humanos <\/span><\/span><\/b><span style=\"font-weight: 400;\"><span style=\"vertical-align: inherit;\"><span style=\"vertical-align: inherit;\">detalla qui\u00e9n realiza el trabajo y c\u00f3mo se completa el mismo. <\/span><span style=\"vertical-align: inherit;\">As\u00ed como tambi\u00e9n define la frecuencia y el prop\u00f3sito de ese puesto en relaci\u00f3n a la misi\u00f3n y las metas de la organizaci\u00f3n. <\/span><span style=\"vertical-align: inherit;\">Y todo ello queda por escrito, ya sea en un documento o bien en el <\/span><\/span><\/span><a href=\"https:\/\/factorialhr.co\/reclutamiento-y-seleccion-de-personal\"><span style=\"font-weight: 400;\"><span style=\"vertical-align: inherit;\"><span style=\"vertical-align: inherit;\">software de reclutamiento y selecci\u00f3n<\/span><\/span><\/span><\/a><span style=\"font-weight: 400;\"><span style=\"vertical-align: inherit;\"><span style=\"vertical-align: inherit;\"> .<\/span><\/span><\/span><\/p>\n<p><span style=\"font-weight: 400;\"><span style=\"vertical-align: inherit;\"><span style=\"vertical-align: inherit;\">De este modo, la descripci\u00f3n de puestos como tarea del \u00e1rea de RR.HH. <\/span><span style=\"vertical-align: inherit;\">consiste en listar y definir las funciones y responsabilidades de esa vacante dentro de la estructura organizacional de la empresa. <\/span><span style=\"vertical-align: inherit;\">Poniendo, adem\u00e1s, especial \u00e9nfasis en la misi\u00f3n y objetivo que ese cargo cumple en relaci\u00f3n a la estrategia de la compa\u00f1\u00eda.<\/span><\/span><\/span><\/p>\n<p><span style=\"font-weight: 400;\"><span style=\"vertical-align: inherit;\"><span style=\"vertical-align: inherit;\">Como dec\u00edamos en un principio, dentro de la <\/span><\/span><\/span><b><span style=\"vertical-align: inherit;\"><span style=\"vertical-align: inherit;\">descripci\u00f3n de puestos formato <\/span><\/span><\/b><span style=\"font-weight: 400;\"><span style=\"vertical-align: inherit;\"><span style=\"vertical-align: inherit;\">tambi\u00e9n encontraremos detallados los conocimientos, habilidades y actitudes que deben tener los colaboradores que ocupe la vacante. <\/span><span style=\"vertical-align: inherit;\">Esto nos permite crear un perfil minucioso del tipo de persona que la empresa necesita.\u00a0<\/span><\/span><\/span><\/p>\n<p><span data-sheets-value=\"{&quot;1&quot;:2,&quot;2&quot;:&quot; \n &lt;!--HubSpot Call-to-Action Code --&gt;\n    &lt;span class=&quot;hs-cta-wrapper&quot; id=&quot;hs-cta-wrapper-8299fea0-814a-489c-be92-0b8ec5337b6f&quot;&gt;\n        &lt;span class=&quot;hs-cta-node hs-cta-8299fea0-814a-489c-be92-0b8ec5337b6f&quot; id=&quot;8299fea0-814a-489c-be92-0b8ec5337b6f&quot;&gt;\n            &lt;a href=&quot;https:\/\/cta-redirect.hubspot.com\/cta\/redirect\/4960096\/8299fea0-814a-489c-be92-0b8ec5337b6f&quot;&gt;\n                &lt;img class=&quot;lazyload hs-cta-img&quot; id=&quot;hs-cta-img-8299fea0-814a-489c-be92-0b8ec5337b6f&quot; style=&quot;border-width:0px;&quot; src=&quot;https:\/\/no-cache.hubspot.com\/cta\/default\/4960096\/8299fea0-814a-489c-be92-0b8ec5337b6f.png&quot;  alt=&quot;&quot;banner&quot; width=&quot;&quot;900&quot;&quot; height=&quot;&quot;308&quot;&quot; \/&gt;\n            &lt;\/a&gt;\n        &lt;\/span&gt;\n        &lt;script type=&quot;text\/javascript&quot;&gt;\n            function loadCTA(){\n                window.hbspt.cta.load(4960096, &#039;8299fea0-814a-489c-be92-0b8ec5337b6f&#039;, {&#039;region&#039;: &#039;eu1&#039;})\n            }\n            if(window.hbspt){\n                loadCTA()\n            }else{\n                Defer.js(\n                    &#039;https:\/\/js.hubspot.com\/cta\/current.js&#039;,\n                    &#039;hubspotCTA&#039;, \n                    0, \n                    loadCTA\n                );\n            }\n        &lt;\/script&gt;\n    &lt;\/span&gt;\n&lt;!-- end HubSpot Call-to-Action Code --&gt;\n&quot;}\" data-sheets-userformat=\"{&quot;2&quot;:513,&quot;3&quot;:{&quot;1&quot;:0},&quot;12&quot;:0}\"> \n <!--HubSpot Call-to-Action Code -->\n    <span class=\"hs-cta-wrapper\" id=\"hs-cta-wrapper-8299fea0-814a-489c-be92-0b8ec5337b6f\">\n        <span class=\"hs-cta-node hs-cta-8299fea0-814a-489c-be92-0b8ec5337b6f\" id=\"8299fea0-814a-489c-be92-0b8ec5337b6f\">\n            <a href=\"https:\/\/cta-redirect.hubspot.com\/cta\/redirect\/4960096\/8299fea0-814a-489c-be92-0b8ec5337b6f\">\n                <img decoding=\"async\" class=\"lazyload hs-cta-img\" id=\"hs-cta-img-8299fea0-814a-489c-be92-0b8ec5337b6f\" style=\"border-width:0px;\" src=\"https:\/\/no-cache.hubspot.com\/cta\/default\/4960096\/8299fea0-814a-489c-be92-0b8ec5337b6f.png\"  alt=\"banner organigrama\" width=\"900\" height=\"308\" \/>\n            <\/a>\n        <\/span>\n        <script type=\"text\/javascript\">\n            function loadCTA(){\n                window.hbspt.cta.load(4960096, '8299fea0-814a-489c-be92-0b8ec5337b6f', {'region': 'eu1'})\n            }\n            if(window.hbspt){\n                loadCTA()\n            }else{\n                Defer.js(\n                    'https:\/\/js.hubspot.com\/cta\/current.js',\n                    'hubspotCTA', \n                    0, \n                    loadCTA\n                );\n            }\n        <\/script>\n    <\/span>\n<!-- end HubSpot Call-to-Action Code -->\n<\/span><\/p>\n<h2><span style=\"font-weight: 400;\"><span style=\"vertical-align: inherit;\"><span style=\"vertical-align: inherit;\">\u00bfPor qu\u00e9 es importante la descripci\u00f3n de puestos de una empresa?<\/span><\/span><\/span><\/h2>\n<p><span style=\"font-weight: 400;\"><span style=\"vertical-align: inherit;\"><span style=\"vertical-align: inherit;\">Cuando la <\/span><\/span><\/span><b><span style=\"vertical-align: inherit;\"><span style=\"vertical-align: inherit;\">descripci\u00f3n de puestos en una empresa <\/span><\/span><\/b><span style=\"font-weight: 400;\"><span style=\"vertical-align: inherit;\"><span style=\"vertical-align: inherit;\">se realiza de manera correcta, los beneficios son notorios. <\/span><span style=\"vertical-align: inherit;\">A continuaci\u00f3n, te contamos por qu\u00e9 es importante llevar a cabo esta tarea en RR.HH.\u00a0<\/span><\/span><\/span><\/p>\n<h3><span style=\"font-weight: 400;\"><span style=\"vertical-align: inherit;\"><span style=\"vertical-align: inherit;\">Atraer al mejor talento\u00a0<\/span><\/span><\/span><\/h3>\n<p><span style=\"font-weight: 400;\"><span style=\"vertical-align: inherit;\"><span style=\"vertical-align: inherit;\">\u00bfCu\u00e1l es el mejor talento para una organizaci\u00f3n? <\/span><span style=\"vertical-align: inherit;\">Precisamente, aquel que se ajusta a las necesidades y objetivos de la misma. <\/span><span style=\"vertical-align: inherit;\">Pero atraer a este talento no es un objetivo sencillo de alcanzar. <\/span><span style=\"vertical-align: inherit;\">De hecho, en los \u00faltimos a\u00f1os este se ha presentado como uno de los principales desaf\u00edos si de gesti\u00f3n de talento hablamos.\u00a0<\/span><\/span><\/span><\/p>\n<p><span style=\"font-weight: 400;\"><span style=\"vertical-align: inherit;\"><span style=\"vertical-align: inherit;\">Atraer y retener a los colaboradores adecuados es clave para todo tipo de organizaci\u00f3n, pero no es f\u00e1cil. <\/span><span style=\"vertical-align: inherit;\">En este punto es clave la descripci\u00f3n de puestos de trabajo. <\/span><span style=\"vertical-align: inherit;\">Al listar y definir adecuadamente las caracter\u00edsticas y exigencias del cargo a cubrir, es m\u00e1s probable que la empresa consiga captar la atenci\u00f3n de los candidatos apropiados para la vacante.\u00a0<\/span><\/span><\/span><\/p>\n<h3><span style=\"font-weight: 400;\"><span style=\"vertical-align: inherit;\"><span style=\"vertical-align: inherit;\">Guiar el reclutamiento\u00a0<\/span><\/span><\/span><\/h3>\n<p><span style=\"font-weight: 400;\"><span style=\"vertical-align: inherit;\"><span style=\"vertical-align: inherit;\">Otra ventaja de la adecuada descripci\u00f3n de puestos de recursos humanos es que ayuda a orientar el <\/span><\/span><\/span><a href=\"https:\/\/factorialhr.co\/blog\/reclutamiento-y-seleccion-de-personal\/\"><span style=\"font-weight: 400;\"><span style=\"vertical-align: inherit;\"><span style=\"vertical-align: inherit;\">proceso de reclutamiento.<\/span><\/span><\/span><\/a><\/p>\n<p><span style=\"font-weight: 400;\"><span style=\"vertical-align: inherit;\"><span style=\"vertical-align: inherit;\">\u00bfC\u00f3mo es esto? <\/span><span style=\"vertical-align: inherit;\">Muy simple, este documento sirve como una gu\u00eda para los profesionales de RH. <\/span><span style=\"vertical-align: inherit;\">La descripci\u00f3n les permite encauzar sus esfuerzos hacia los resultados buscados, es decir, hacia los colaboradores deseados.\u00a0<\/span><\/span><\/span><\/p>\n<p><span style=\"font-weight: 400;\"><span style=\"vertical-align: inherit;\"><span style=\"vertical-align: inherit;\">Y esto puede verse reflejado, por ejemplo, en el proceso de entrevistas. <\/span><span style=\"vertical-align: inherit;\">Si el reclutador sabe exactamente lo que busca, entonces puede hacer las preguntas precisas para saber si ese candidato que tiene enfrente es el indicado.\u00a0<\/span><\/span><\/span><\/p>\n<h3><span style=\"font-weight: 400;\"><span style=\"vertical-align: inherit;\"><span style=\"vertical-align: inherit;\">Informar al colaborador\u00a0<\/span><\/span><\/span><\/h3>\n<p><span style=\"font-weight: 400;\"><span style=\"vertical-align: inherit;\"><span style=\"vertical-align: inherit;\">Una adecuada descripci\u00f3n de puestos es fundamental para informar al colaborador sobre lo que se espera de su labor. <\/span><span style=\"vertical-align: inherit;\">Esto se constituye como otra raz\u00f3n para realizar descripciones informadas y precisas.\u00a0<\/span><\/span><\/span><\/p>\n<p><span style=\"font-weight: 400;\"><span style=\"vertical-align: inherit;\"><span style=\"vertical-align: inherit;\">De esta forma, el empleado conocer\u00e1 las expectativas de la empresa con respecto a su trabajo y entender\u00e1 tambi\u00e9n cu\u00e1n importante es su funci\u00f3n dentro de la estrategia de la organizaci\u00f3n.\u00a0<\/span><\/span><\/span><\/p>\n<h3><span style=\"font-weight: 400;\"><span style=\"vertical-align: inherit;\"><span style=\"vertical-align: inherit;\">Medir el desempe\u00f1o del trabajador\u00a0<\/span><\/span><\/span><\/h3>\n<p><span style=\"font-weight: 400;\"><span style=\"vertical-align: inherit;\"><span style=\"vertical-align: inherit;\">Si no sabemos qu\u00e9 esperamos de un determinado puesto de trabajo, ser\u00e1 mucho m\u00e1s <\/span><\/span><\/span><a href=\"https:\/\/factorialhr.co\/blog\/evaluacion-desempeno-laboral\/\"><span style=\"font-weight: 400;\"><span style=\"vertical-align: inherit;\"><span style=\"vertical-align: inherit;\">dif\u00edcil evaluar el desempe\u00f1o<\/span><\/span><\/span><\/a><span style=\"font-weight: 400;\"><span style=\"vertical-align: inherit;\"><span style=\"vertical-align: inherit;\"> del mismo. <\/span><span style=\"vertical-align: inherit;\">Antes de que el trabajador forme parte de la compa\u00f1\u00eda, debemos conocer a los objetivos de ese puesto. <\/span><span style=\"vertical-align: inherit;\">Luego, una vez que el trabajador sea parte del equipo, podremos medir su desempe\u00f1o en base a esos criterios antes definidos.\u00a0<\/span><\/span><\/span><\/p>\n<h3><span style=\"font-weight: 400;\"><span style=\"vertical-align: inherit;\"><span style=\"vertical-align: inherit;\">Establecer retribuciones acordes<\/span><\/span><\/span><\/h3>\n<p><span style=\"font-weight: 400;\"><span style=\"vertical-align: inherit;\"><span style=\"vertical-align: inherit;\">\u00bfCu\u00e1l es la retribuci\u00f3n que le corresponde a un trabajador? <\/span><span style=\"vertical-align: inherit;\">Eso depende de las funciones que se realizan, las responsabilidades que tienen y el tiempo de trabajo que dedique en la empresa.\u00a0<\/span><\/span><\/span><\/p>\n<p><span style=\"font-weight: 400;\"><span style=\"vertical-align: inherit;\"><span style=\"vertical-align: inherit;\">Como podemos ver, un criterio clave para definir el <\/span><\/span><\/span><span style=\"font-weight: 400;\"><span style=\"vertical-align: inherit;\"><span style=\"vertical-align: inherit;\">tipo de retribuci\u00f3n<\/span><\/span><\/span><span style=\"font-weight: 400;\"><span style=\"vertical-align: inherit;\"><span style=\"vertical-align: inherit;\"> \u00a0que le corresponde a cada colaborador es la descripci\u00f3n de puestos. <\/span><span style=\"vertical-align: inherit;\">Al conocer las tareas y deberes de un determinado cargo en la organizaci\u00f3n, podemos establecer una compensaci\u00f3n acorde.\u00a0<\/span><\/span><\/span><\/p>\n<p><span data-sheets-value=\"{&quot;1&quot;:2,&quot;2&quot;:&quot; \n &lt;!--HubSpot Call-to-Action Code --&gt;\n    &lt;span class=&quot;hs-cta-wrapper&quot; id=&quot;hs-cta-wrapper-bb56c336-e879-4fdf-a5f0-7dc72c4ac773&quot;&gt;\n        &lt;span class=&quot;hs-cta-node hs-cta-bb56c336-e879-4fdf-a5f0-7dc72c4ac773&quot; id=&quot;bb56c336-e879-4fdf-a5f0-7dc72c4ac773&quot;&gt;\n            &lt;a href=&quot;https:\/\/cta-redirect.hubspot.com\/cta\/redirect\/4960096\/bb56c336-e879-4fdf-a5f0-7dc72c4ac773&quot;&gt;\n                &lt;img class=&quot;lazyload hs-cta-img&quot; id=&quot;hs-cta-img-bb56c336-e879-4fdf-a5f0-7dc72c4ac773&quot; style=&quot;border-width:0px;&quot; src=&quot;https:\/\/no-cache.hubspot.com\/cta\/default\/4960096\/bb56c336-e879-4fdf-a5f0-7dc72c4ac773.png&quot;  alt=&quot;&quot;funcionalidades&quot; width=&quot;&quot;900&quot;&quot; height=&quot;&quot;308&quot;&quot; \/&gt;\n            &lt;\/a&gt;\n        &lt;\/span&gt;\n        &lt;script type=&quot;text\/javascript&quot;&gt;\n            function loadCTA(){\n                window.hbspt.cta.load(4960096, &#039;bb56c336-e879-4fdf-a5f0-7dc72c4ac773&#039;, {&#039;region&#039;: &#039;eu1&#039;})\n            }\n            if(window.hbspt){\n                loadCTA()\n            }else{\n                Defer.js(\n                    &#039;https:\/\/js.hubspot.com\/cta\/current.js&#039;,\n                    &#039;hubspotCTA&#039;, \n                    0, \n                    loadCTA\n                );\n            }\n        &lt;\/script&gt;\n    &lt;\/span&gt;\n&lt;!-- end HubSpot Call-to-Action Code --&gt;\n&quot;}\" data-sheets-userformat=\"{&quot;2&quot;:513,&quot;3&quot;:{&quot;1&quot;:0},&quot;12&quot;:0}\"> \n <!--HubSpot Call-to-Action Code -->\n    <span class=\"hs-cta-wrapper\" id=\"hs-cta-wrapper-bb56c336-e879-4fdf-a5f0-7dc72c4ac773\">\n        <span class=\"hs-cta-node hs-cta-bb56c336-e879-4fdf-a5f0-7dc72c4ac773\" id=\"bb56c336-e879-4fdf-a5f0-7dc72c4ac773\">\n            <a href=\"https:\/\/cta-redirect.hubspot.com\/cta\/redirect\/4960096\/bb56c336-e879-4fdf-a5f0-7dc72c4ac773\">\n                <img decoding=\"async\" class=\"lazyload hs-cta-img\" id=\"hs-cta-img-bb56c336-e879-4fdf-a5f0-7dc72c4ac773\" style=\"border-width:0px;\" src=\"https:\/\/no-cache.hubspot.com\/cta\/default\/4960096\/bb56c336-e879-4fdf-a5f0-7dc72c4ac773.png\"  alt=\"puestos de trabajo\" width=\"900\" height=\"308\" \/>\n            <\/a>\n        <\/span>\n        <script type=\"text\/javascript\">\n            function loadCTA(){\n                window.hbspt.cta.load(4960096, 'bb56c336-e879-4fdf-a5f0-7dc72c4ac773', {'region': 'eu1'})\n            }\n            if(window.hbspt){\n                loadCTA()\n            }else{\n                Defer.js(\n                    'https:\/\/js.hubspot.com\/cta\/current.js',\n                    'hubspotCTA', \n                    0, \n                    loadCTA\n                );\n            }\n        <\/script>\n    <\/span>\n<!-- end HubSpot Call-to-Action Code -->\n<\/span><\/p>\n<h2><span style=\"font-weight: 400;\"><span style=\"vertical-align: inherit;\"><span style=\"vertical-align: inherit;\">Descripci\u00f3n de puestos de trabajo \u00bfC\u00f3mo elaborarla?<\/span><\/span><\/span><\/h2>\n<p><span style=\"font-weight: 400;\"><span style=\"vertical-align: inherit;\"><span style=\"vertical-align: inherit;\">No existe una \u00fanica forma de elaborar esta clase de documento. <\/span><\/span><\/span><b><span style=\"vertical-align: inherit;\"><span style=\"vertical-align: inherit;\">Descripci\u00f3n de puestos ejemplo <\/span><\/span><\/b><span style=\"font-weight: 400;\"><span style=\"vertical-align: inherit;\"><span style=\"vertical-align: inherit;\">hay muchos. <\/span><span style=\"vertical-align: inherit;\">De hecho, pueden haber tantos como roles de trabajo existan.\u00a0<\/span><\/span><\/span><\/p>\n<p><span style=\"font-weight: 400;\"><span style=\"vertical-align: inherit;\"><span style=\"vertical-align: inherit;\">No es lo mismo la <\/span><\/span><\/span><b><span style=\"vertical-align: inherit;\"><span style=\"vertical-align: inherit;\">descripci\u00f3n de puestos de un gerente general <\/span><\/span><\/b><span style=\"font-weight: 400;\"><span style=\"vertical-align: inherit;\"><span style=\"vertical-align: inherit;\">en comparaci\u00f3n con la descripci\u00f3n de un cargo junior. <\/span><span style=\"vertical-align: inherit;\">De la misma manera que no es igual la <\/span><\/span><\/span><b><span style=\"vertical-align: inherit;\"><span style=\"vertical-align: inherit;\">descripci\u00f3n de puestos contador <\/span><\/span><\/b><span style=\"font-weight: 400;\"><span style=\"vertical-align: inherit;\"><span style=\"vertical-align: inherit;\">o <\/span><\/span><\/span><b><span style=\"vertical-align: inherit;\"><span style=\"vertical-align: inherit;\">descripci\u00f3n de puestos de ventas<\/span><\/span><\/b><span style=\"font-weight: 400;\"><span style=\"vertical-align: inherit;\"><span style=\"vertical-align: inherit;\">. <\/span><span style=\"vertical-align: inherit;\">Es decir que dentro de una misma empresa podemos encontrar distintos tipos de descripciones de cargos.\u00a0<\/span><\/span><\/span><\/p>\n<p><span style=\"font-weight: 400;\"><span style=\"vertical-align: inherit;\"><span style=\"vertical-align: inherit;\">Como dijimos antes, la descripci\u00f3n de puestos de trabajo detalla las funciones principales de un determinado cargo. <\/span><span style=\"vertical-align: inherit;\">Tambi\u00e9n especifica c\u00f3mo se llevar\u00e1n a cabo las tareas y qu\u00e9 habilidades se necesitan para realizarlas. <\/span><span style=\"vertical-align: inherit;\">En resumen, una adecuada descripci\u00f3n de puestos abordados, sobre todo, las posibles preguntas vinculadas a un puesto laboral. <\/span><span style=\"vertical-align: inherit;\">Por lo tanto, hay componentes que no pueden faltar.\u00a0<\/span><\/span><\/span><\/p>\n<p><span style=\"font-weight: 400;\"><span style=\"vertical-align: inherit;\"><span style=\"vertical-align: inherit;\">Por ello, vamos a compartir la informaci\u00f3n imprescindible al redactar esta clase de documento.\u00a0<\/span><\/span><\/span><\/p>\n<h3><span style=\"font-weight: 400;\"><span style=\"vertical-align: inherit;\"><span style=\"vertical-align: inherit;\">Descripci\u00f3n de puestos formato base\u00a0<\/span><\/span><\/span><\/h3>\n<ul>\n<li style=\"font-weight: 400;\"><span style=\"font-weight: 400;\"><span style=\"vertical-align: inherit;\"><span style=\"vertical-align: inherit;\">Nombre. <\/span><span style=\"vertical-align: inherit;\">Aqu\u00ed indicaremos con precisi\u00f3n el t\u00edtulo del puesto.\u00a0<\/span><\/span><\/span><\/li>\n<li style=\"font-weight: 400;\"><span style=\"font-weight: 400;\"><span style=\"vertical-align: inherit;\"><span style=\"vertical-align: inherit;\">Departamento. <\/span><span style=\"vertical-align: inherit;\">En este punto se indica el \u00e1rea al que pertenece el cargo a cubrir.\u00a0<\/span><\/span><\/span><\/li>\n<li style=\"font-weight: 400;\"><span style=\"font-weight: 400;\"><span style=\"vertical-align: inherit;\"><span style=\"vertical-align: inherit;\">Jornada laboral. <\/span><span style=\"vertical-align: inherit;\">Como ya hemos visto en el art\u00edculo <\/span><\/span><\/span><a href=\"https:\/\/factorialhr.co\/blog\/horas-extra-colombia\/\"><span style=\"font-weight: 400;\"><span style=\"vertical-align: inherit;\"><span style=\"vertical-align: inherit;\">horas extras seg\u00fan la ley laboral<\/span><\/span><\/span><\/a><span style=\"font-weight: 400;\"><span style=\"vertical-align: inherit;\"><span style=\"vertical-align: inherit;\">, en Colombia hay distintos tipos de jornadas. <\/span><span style=\"vertical-align: inherit;\">Asimismo, estas pueden ser a tiempo completo a tiempo parcial. <\/span><span style=\"vertical-align: inherit;\">Todo ello debe quedar especificado en la descripci\u00f3n de la vacante a cubrir.\u00a0\u00a0<\/span><\/span><\/span><\/li>\n<li style=\"font-weight: 400;\"><span style=\"font-weight: 400;\"><span style=\"vertical-align: inherit;\"><span style=\"vertical-align: inherit;\">Horario. <\/span><span style=\"vertical-align: inherit;\">Tras definir el tipo de jornada, resta determinar en qu\u00e9 horario desarrollar\u00e1 su actividad ese nuevo colaborador.\u00a0<\/span><\/span><\/span><\/li>\n<li style=\"font-weight: 400;\"><span style=\"font-weight: 400;\"><span style=\"vertical-align: inherit;\"><span style=\"vertical-align: inherit;\">Lugar de trabajo. <\/span><span style=\"vertical-align: inherit;\">Por lo general, en este punto se especifica la ciudad.\u00a0<\/span><\/span><\/span><\/li>\n<li style=\"font-weight: 400;\"><span style=\"font-weight: 400;\"><span style=\"vertical-align: inherit;\"><span style=\"vertical-align: inherit;\">Posici\u00f3n en el <\/span><\/span><\/span><a href=\"https:\/\/factorialhr.co\/organigrama-empresa\"><span style=\"font-weight: 400;\"><span style=\"vertical-align: inherit;\"><span style=\"vertical-align: inherit;\">organigrama de la empresa<\/span><\/span><\/span><\/a><span style=\"font-weight: 400;\"><span style=\"vertical-align: inherit;\"><span style=\"vertical-align: inherit;\"> . <\/span><span style=\"vertical-align: inherit;\">Aqu\u00ed debemos indicar la posici\u00f3n del cargo en la estructura interna de la empresa.\u00a0<\/span><\/span><\/span><\/li>\n<li style=\"font-weight: 400;\"><span style=\"font-weight: 400;\"><span style=\"vertical-align: inherit;\"><span style=\"vertical-align: inherit;\">Relaci\u00f3n con otros departamentos. <\/span><span style=\"vertical-align: inherit;\">Lo que detallaremos aqu\u00ed es c\u00f3mo se vincula el puesto con el resto de las \u00e1reas de la empresa. <\/span><span style=\"vertical-align: inherit;\">Tambi\u00e9n definiremos en este punto la frecuencia de esa relaci\u00f3n. <\/span><span style=\"vertical-align: inherit;\">Para indicar todo esto es fundamental conocer el organigrama de la empresa.<\/span><\/span><\/span><\/li>\n<li style=\"font-weight: 400;\"><span style=\"font-weight: 400;\"><span style=\"vertical-align: inherit;\"><span style=\"vertical-align: inherit;\">Supervisor directo y subordinados. <\/span><span style=\"vertical-align: inherit;\">\u00bfA qui\u00e9n respondi\u00f3 el cargo y de qui\u00e9nes es responsable? <\/span><span style=\"vertical-align: inherit;\">Es lo que debemos responder aqu\u00ed.\u00a0<\/span><\/span><\/span><\/li>\n<li style=\"font-weight: 400;\"><span style=\"font-weight: 400;\"><span style=\"vertical-align: inherit;\"><span style=\"vertical-align: inherit;\">Prop\u00f3sito. <\/span><span style=\"vertical-align: inherit;\">Detallar la misi\u00f3n y los objetivos de la posici\u00f3n.\u00a0<\/span><\/span><\/span><\/li>\n<li style=\"font-weight: 400;\"><span style=\"font-weight: 400;\"><span style=\"vertical-align: inherit;\"><span style=\"vertical-align: inherit;\">Funciones y responsabilidades. <\/span><span style=\"vertical-align: inherit;\">Este es un punto clave, porque se trata de enlistar todas las tareas y deberes del cargo.\u00a0<\/span><\/span><\/span><\/li>\n<li style=\"font-weight: 400;\"><span style=\"font-weight: 400;\"><span style=\"vertical-align: inherit;\"><span style=\"vertical-align: inherit;\">Experiencia profesional previa. <\/span><span style=\"vertical-align: inherit;\">Sirve para definir la trayectoria profesional con la que debe contar el candidato ideal.\u00a0<\/span><\/span><\/span><\/li>\n<li style=\"font-weight: 400;\"><a href=\"https:\/\/factorialhr.co\/blog\/competencias-laborales\/\"><span style=\"font-weight: 400;\"><span style=\"vertical-align: inherit;\"><span style=\"vertical-align: inherit;\">Competencias laborales<\/span><\/span><\/span><\/a><span style=\"font-weight: 400;\"><span style=\"vertical-align: inherit;\"><span style=\"vertical-align: inherit;\"> y habilidades. <\/span><span style=\"vertical-align: inherit;\">En este caso, se puntualizan las aptitudes, habilidades y cualidades personales que debe poseer la persona que result\u00f3 seleccionada para el puesto.\u00a0<\/span><\/span><\/span><\/li>\n<li style=\"font-weight: 400;\"><span style=\"font-weight: 400;\"><span style=\"vertical-align: inherit;\"><span style=\"vertical-align: inherit;\">Formaci\u00f3n. <\/span><span style=\"vertical-align: inherit;\">Lo que se debe especificar aqu\u00ed es el nivel educativo requerido para la vacante y el tipo de formaci\u00f3n.\u00a0\u00a0<\/span><\/span><\/span><\/li>\n<li style=\"font-weight: 400;\"><span style=\"font-weight: 400;\"><span style=\"vertical-align: inherit;\"><span style=\"vertical-align: inherit;\">Rango salarial. <\/span><span style=\"vertical-align: inherit;\">En funci\u00f3n de todos los datos anteriores, podremos tener una mayor precisi\u00f3n acerca del salario correspondiente al puesto.\u00a0<\/span><\/span><\/span><\/li>\n<\/ul>\n<h3><span style=\"font-weight: 400;\"><span style=\"vertical-align: inherit;\"><span style=\"vertical-align: inherit;\">Descripci\u00f3n de puestos ejemplo<\/span><\/span><\/span><\/h3>\n<p><span style=\"font-weight: 400;\"><span style=\"vertical-align: inherit;\"><span style=\"vertical-align: inherit;\">Siguiendo con el formato base anterior, vamos a suponer que debemos crear una descripci\u00f3n para el puesto de ejecutivo de ventas.\u00a0<\/span><\/span><\/span><\/p>\n<table>\n<tbody>\n<tr>\n<td><span style=\"font-weight: 400;\"><span style=\"vertical-align: inherit;\"><span style=\"vertical-align: inherit;\">Nombre\u00a0 \u00a0 \u00a0 \u00a0 \u00a0 \u00a0 \u00a0\u00a0<\/span><\/span><\/span><\/td>\n<td><span style=\"font-weight: 400;\"><span style=\"vertical-align: inherit;\"><span style=\"vertical-align: inherit;\">T\u00e9cnico de selecci\u00f3n.<\/span><\/span><\/span><\/td>\n<\/tr>\n<tr>\n<td><span style=\"font-weight: 400;\"><span style=\"vertical-align: inherit;\"><span style=\"vertical-align: inherit;\">Departamento<\/span><\/span><\/span><\/td>\n<td><span style=\"font-weight: 400;\"><span style=\"vertical-align: inherit;\"><span style=\"vertical-align: inherit;\">Recursos Humanos.<\/span><\/span><\/span><\/td>\n<\/tr>\n<tr>\n<td><span style=\"font-weight: 400;\"><span style=\"vertical-align: inherit;\"><span style=\"vertical-align: inherit;\">Jornada laboral<\/span><\/span><\/span><\/td>\n<td><span style=\"font-weight: 400;\"><span style=\"vertical-align: inherit;\"><span style=\"vertical-align: inherit;\">Diurna, completa.<\/span><\/span><\/span><\/td>\n<\/tr>\n<tr>\n<td><span style=\"font-weight: 400;\"><span style=\"vertical-align: inherit;\"><span style=\"vertical-align: inherit;\">Horario<\/span><\/span><\/span><\/td>\n<td><span style=\"font-weight: 400;\"><span style=\"vertical-align: inherit;\"><span style=\"vertical-align: inherit;\">Lunes a viernes de 9 a 17.<\/span><\/span><\/span><\/td>\n<\/tr>\n<tr>\n<td><span style=\"font-weight: 400;\"><span style=\"vertical-align: inherit;\"><span style=\"vertical-align: inherit;\">Lugar de trabajo<\/span><\/span><\/span><\/td>\n<td><span style=\"font-weight: 400;\"><span style=\"vertical-align: inherit;\"><span style=\"vertical-align: inherit;\">Bogot\u00e1, Colombia.<\/span><\/span><\/span><\/td>\n<\/tr>\n<tr>\n<td><span style=\"font-weight: 400;\"><span style=\"vertical-align: inherit;\"><span style=\"vertical-align: inherit;\">Relaci\u00f3n con otros departamentos<\/span><\/span><\/span><\/td>\n<td><span style=\"font-weight: 400;\"><span style=\"vertical-align: inherit;\"><span style=\"vertical-align: inherit;\">Colaboraci\u00f3n directa con todos los responsables de las diferentes \u00e1reas que requieran cubrir un puesto.\u00a0<\/span><\/span><\/span><\/td>\n<\/tr>\n<tr>\n<td><span style=\"font-weight: 400;\"><span style=\"vertical-align: inherit;\"><span style=\"vertical-align: inherit;\">Supervisor directo y subordinados<\/span><\/span><\/span><\/td>\n<td><span style=\"font-weight: 400;\"><span style=\"vertical-align: inherit;\"><span style=\"vertical-align: inherit;\">Responde a la supervisi\u00f3n del Director de RR.HH. <\/span><span style=\"vertical-align: inherit;\">No tiene personas a cargo.\u00a0<\/span><\/span><\/span><\/td>\n<\/tr>\n<tr>\n<td><span style=\"font-weight: 400;\"><span style=\"vertical-align: inherit;\"><span style=\"vertical-align: inherit;\">Prop\u00f3sito<\/span><\/span><\/span><\/td>\n<td><span style=\"font-weight: 400;\"><span style=\"vertical-align: inherit;\"><span style=\"vertical-align: inherit;\">Atraer, reclutar y seleccionar a los candidatos adecuados para cubrir las necesidades de personal de la organizaci\u00f3n.\u00a0<\/span><\/span><\/span><\/td>\n<\/tr>\n<tr>\n<td><span style=\"font-weight: 400;\"><span style=\"vertical-align: inherit;\"><span style=\"vertical-align: inherit;\">Funciones y responsabilidades<\/span><\/span><\/span><\/td>\n<td><span style=\"font-weight: 400;\"><span style=\"vertical-align: inherit;\"><span style=\"vertical-align: inherit;\">-Llevar a cabo el proceso de reclutamiento y selecci\u00f3n de personal.<br \/>\n<\/span><\/span><\/span><span style=\"font-weight: 400;\"><span style=\"vertical-align: inherit;\"><span style=\"vertical-align: inherit;\">-Elaborar los informes de los candidatos.<br \/>\n<\/span><span style=\"vertical-align: inherit;\">-Realizar el <\/span><\/span><\/span><span style=\"font-weight: 400;\"><span style=\"vertical-align: inherit;\"><span style=\"vertical-align: inherit;\">abordaje<\/span><\/span><\/span><span style=\"font-weight: 400;\"><span style=\"vertical-align: inherit;\"><span style=\"vertical-align: inherit;\"> de Los Nuevos Colaboradores.<br \/>\n<\/span><\/span><\/span><span style=\"font-weight: 400;\"><span style=\"vertical-align: inherit;\"><span style=\"vertical-align: inherit;\">-Mantener actualizada la base de datos de perfiles profesionales.\u00a0<\/span><\/span><\/span><\/td>\n<\/tr>\n<tr>\n<td><span style=\"font-weight: 400;\"><span style=\"vertical-align: inherit;\"><span style=\"vertical-align: inherit;\">Experiencia profesional previa<\/span><\/span><\/span><\/td>\n<td><span style=\"font-weight: 400;\"><span style=\"vertical-align: inherit;\"><span style=\"vertical-align: inherit;\">3 a\u00f1os de experiencia en el puesto.\u00a0<\/span><\/span><\/span><\/td>\n<\/tr>\n<tr>\n<td><span style=\"font-weight: 400;\"><span style=\"vertical-align: inherit;\"><span style=\"vertical-align: inherit;\">Competencias y habilidades<\/span><\/span><\/span><\/td>\n<td><span style=\"font-weight: 400;\"><span style=\"vertical-align: inherit;\"><span style=\"vertical-align: inherit;\">Capacidad de an\u00e1lisis y planificaci\u00f3n. <\/span><span style=\"vertical-align: inherit;\">Buena comunicaci\u00f3n. <\/span><span style=\"vertical-align: inherit;\">Trabajo en equipo. <\/span><span style=\"vertical-align: inherit;\">Flexibilidad. <\/span><span style=\"vertical-align: inherit;\">Adaptaci\u00f3n al cambio. <\/span><span style=\"vertical-align: inherit;\">Orientaci\u00f3n al cliente.\u00a0<\/span><\/span><\/span><\/td>\n<\/tr>\n<tr>\n<td><span style=\"font-weight: 400;\"><span style=\"vertical-align: inherit;\"><span style=\"vertical-align: inherit;\">Formaci\u00f3n<\/span><\/span><\/span><\/td>\n<td><span style=\"font-weight: 400;\"><span style=\"vertical-align: inherit;\"><span style=\"vertical-align: inherit;\">Titulaci\u00f3n universitaria Superior en Psicolog\u00eda laboral. <\/span><span style=\"vertical-align: inherit;\">Conocimientos en psicolog\u00eda de las organizaciones, legislaci\u00f3n laboral y gesti\u00f3n de recursos humanos.<\/span><\/span><\/span><\/td>\n<\/tr>\n<tr>\n<td><span style=\"font-weight: 400;\"><span style=\"vertical-align: inherit;\"><span style=\"vertical-align: inherit;\">Rango salarial<\/span><\/span><\/span><\/td>\n<td><span style=\"font-weight: 400;\"><span style=\"vertical-align: inherit;\"><span style=\"vertical-align: inherit;\"> $ 27.000 pesos.\u00a0<\/span><\/span><\/span><\/td>\n<\/tr>\n<\/tbody>\n<\/table>\n<p><span style=\"font-weight: 400;\"><span style=\"vertical-align: inherit;\"><span style=\"vertical-align: inherit;\">Esperamos que este ejemplo te ayude a tener una idea m\u00e1s precisa de c\u00f3mo crear este documento en tu empresa.\u00a0<\/span><\/span><\/span><\/p>\n<h2>Descarga el formato base para la descripci\u00f3n de puestos de trabajo<\/h2>\n<p>Hemos creado una plantilla que puedas utilizar para tus pr\u00f3ximas ofertas de trabajo. Puedes descargarla completamente gratis en el siguiente enlace.<\/p>\n<p><span data-sheets-value=\"{&quot;1&quot;:2,&quot;2&quot;:&quot; \n &lt;!--HubSpot Call-to-Action Code --&gt;\n    &lt;span class=&quot;hs-cta-wrapper&quot; id=&quot;hs-cta-wrapper-211e0076-4ccc-4db2-9352-3c997b5111bb&quot;&gt;\n        &lt;span class=&quot;hs-cta-node hs-cta-211e0076-4ccc-4db2-9352-3c997b5111bb&quot; id=&quot;211e0076-4ccc-4db2-9352-3c997b5111bb&quot;&gt;\n            &lt;a href=&quot;https:\/\/cta-redirect.hubspot.com\/cta\/redirect\/4960096\/211e0076-4ccc-4db2-9352-3c997b5111bb&quot;&gt;\n                &lt;img class=&quot;lazyload hs-cta-img&quot; id=&quot;hs-cta-img-211e0076-4ccc-4db2-9352-3c997b5111bb&quot; style=&quot;border-width:0px;&quot; src=&quot;https:\/\/no-cache.hubspot.com\/cta\/default\/4960096\/211e0076-4ccc-4db2-9352-3c997b5111bb.png&quot;  alt=&quot;&quot;puestos&quot; width=&quot;&quot;900&quot;&quot; height=&quot;&quot;308&quot;&quot; \/&gt;\n            &lt;\/a&gt;\n        &lt;\/span&gt;\n        &lt;script type=&quot;text\/javascript&quot;&gt;\n            function loadCTA(){\n                window.hbspt.cta.load(4960096, &#039;211e0076-4ccc-4db2-9352-3c997b5111bb&#039;, {&#039;region&#039;: &#039;eu1&#039;})\n            }\n            if(window.hbspt){\n                loadCTA()\n            }else{\n                Defer.js(\n                    &#039;https:\/\/js.hubspot.com\/cta\/current.js&#039;,\n                    &#039;hubspotCTA&#039;, \n                    0, \n                    loadCTA\n                );\n            }\n        &lt;\/script&gt;\n    &lt;\/span&gt;\n&lt;!-- end HubSpot Call-to-Action Code --&gt;\n&quot;}\" data-sheets-userformat=\"{&quot;2&quot;:513,&quot;3&quot;:{&quot;1&quot;:0},&quot;12&quot;:0}\"> \n <!--HubSpot Call-to-Action Code -->\n    <span class=\"hs-cta-wrapper\" id=\"hs-cta-wrapper-211e0076-4ccc-4db2-9352-3c997b5111bb\">\n        <span class=\"hs-cta-node hs-cta-211e0076-4ccc-4db2-9352-3c997b5111bb\" id=\"211e0076-4ccc-4db2-9352-3c997b5111bb\">\n            <a href=\"https:\/\/cta-redirect.hubspot.com\/cta\/redirect\/4960096\/211e0076-4ccc-4db2-9352-3c997b5111bb\">\n                <img decoding=\"async\" class=\"lazyload hs-cta-img\" id=\"hs-cta-img-211e0076-4ccc-4db2-9352-3c997b5111bb\" style=\"border-width:0px;\" src=\"https:\/\/no-cache.hubspot.com\/cta\/default\/4960096\/211e0076-4ccc-4db2-9352-3c997b5111bb.png\"  alt=\"puestos de trabajo\" width=\"900\" height=\"308\" \/>\n            <\/a>\n        <\/span>\n        <script type=\"text\/javascript\">\n            function loadCTA(){\n                window.hbspt.cta.load(4960096, '211e0076-4ccc-4db2-9352-3c997b5111bb', {'region': 'eu1'})\n            }\n            if(window.hbspt){\n                loadCTA()\n            }else{\n                Defer.js(\n                    'https:\/\/js.hubspot.com\/cta\/current.js',\n                    'hubspotCTA', \n                    0, \n                    loadCTA\n                );\n            }\n        <\/script>\n    <\/span>\n<!-- end HubSpot Call-to-Action Code -->\n<\/span><\/p>\n<p><span style=\"font-weight: 400;\"><span style=\"vertical-align: inherit;\"><span style=\"vertical-align: inherit;\">Ya sabes lo necesario sobre la descripci\u00f3n de puestos \u00bfquieres agilizar el proceso y hacerlo m\u00e1s efectivo? <\/span><span style=\"vertical-align: inherit;\">Con un software de reclutamiento puedes conseguirlo. <\/span><span style=\"vertical-align: inherit;\">Dedica el tiempo a lo que aporta verdadero valor a tu organizaci\u00f3n.\u00a0<\/span><\/span><\/span><\/p>\n<p><strong><span style=\"vertical-align: inherit;\"><span style=\"vertical-align: inherit;\">Prueba <\/span><\/span><a href=\"https:\/\/factorialhr.co\/solicitar-demo\"><span style=\"vertical-align: inherit;\"><span style=\"vertical-align: inherit;\">Factorial<\/span><\/span><\/a><span style=\"vertical-align: inherit;\"><span style=\"vertical-align: inherit;\"> gratis y atrae al mejor talento a tu empresa.\u00a0<\/span><\/span><\/strong><\/p>\n","protected":false},"excerpt":{"rendered":"<p>Sin lugar a dudas, las personas son el capital m\u00e1s importante de las empresas. En este sentido, para toda la organizaci\u00f3n resulta fundamental formar equipos de trabajo con los colaboradores adecuados. Por ello, una de las responsabilidades principales para quienes trabajan en el \u00e1rea de Recursos Humanos consiste en reclutar al personal id\u00f3neo. Dentro de<a href=\"https:\/\/factorialhr.co\/blog\/puestos-de-trabajo\/\" class=\"read-more\"> [&#8230;]<\/a><\/p>\n","protected":false},"author":74,"featured_media":69474,"comment_status":"closed","ping_status":"closed","sticky":false,"template":"","format":"standard","meta":{"_acf_changed":false,"footnotes":""},"categories":[373],"tags":[],"class_list":["post-69471","post","type-post","status-publish","format-standard","has-post-thumbnail","hentry","category-gestion-del-talento"],"acf":{"topics":false},"yoast_head":"<!-- This site is optimized with the Yoast SEO Premium plugin v21.5 (Yoast SEO v21.9.1) - https:\/\/yoast.com\/wordpress\/plugins\/seo\/ -->\n<title>Puestos de trabajo: formato para la descripci\u00f3n de tus ofertas laborales<\/title>\n<meta name=\"description\" content=\"Te ense\u00f1ados c\u00f3mo realizar una descripci\u00f3n de puestos de trabajo efectiva sea cual sea la industr\u00eda o el puesto, con nuestro formato.\" \/>\n<meta name=\"robots\" content=\"index, follow, max-snippet:-1, max-image-preview:large, max-video-preview:-1\" \/>\n<link rel=\"canonical\" href=\"https:\/\/factorialhr.co\/blog\/puestos-de-trabajo\/\" \/>\n<meta property=\"og:locale\" content=\"es_ES\" \/>\n<meta property=\"og:type\" content=\"article\" \/>\n<meta property=\"og:title\" content=\"Puestos de trabajo: formato para la descripci\u00f3n de tus ofertas laborales [+Plantilla]\" \/>\n<meta property=\"og:description\" content=\"Te ense\u00f1ados c\u00f3mo realizar una descripci\u00f3n de puestos de trabajo efectiva sea cual sea la industr\u00eda o el puesto, con nuestro formato.\" \/>\n<meta property=\"og:url\" content=\"https:\/\/factorialhr.co\/blog\/puestos-de-trabajo\/\" \/>\n<meta property=\"og:site_name\" content=\"Factorial\" \/>\n<meta property=\"article:publisher\" content=\"https:\/\/www.facebook.com\/people\/Factorial\/100064908455810\/\" \/>\n<meta property=\"article:published_time\" content=\"2022-03-15T15:44:04+00:00\" \/>\n<meta property=\"article:modified_time\" content=\"2023-04-21T11:47:05+00:00\" \/>\n<meta property=\"og:image\" content=\"https:\/\/factorialhr.co\/wp-content\/uploads\/2022\/03\/17174318\/competencias-cl-3.jpg\" \/>\n\t<meta property=\"og:image:width\" content=\"840\" \/>\n\t<meta property=\"og:image:height\" content=\"400\" \/>\n\t<meta property=\"og:image:type\" content=\"image\/jpeg\" \/>\n<meta name=\"author\" content=\"Ana Sof\u00eda\" \/>\n<meta name=\"twitter:card\" content=\"summary_large_image\" \/>\n<meta name=\"twitter:creator\" content=\"@factorialapp\" \/>\n<meta name=\"twitter:site\" content=\"@factorialapp\" \/>\n<meta name=\"twitter:label1\" content=\"Written by\" \/>\n\t<meta name=\"twitter:data1\" content=\"Ana Sof\u00eda\" \/>\n\t<meta name=\"twitter:label2\" content=\"Est. reading time\" \/>\n\t<meta name=\"twitter:data2\" content=\"9 minutes\" \/>\n<script type=\"application\/ld+json\" class=\"yoast-schema-graph\">{\"@context\":\"https:\/\/schema.org\",\"@graph\":[{\"@type\":\"Article\",\"@id\":\"https:\/\/factorialhr.co\/blog\/puestos-de-trabajo\/#article\",\"isPartOf\":{\"@id\":\"https:\/\/factorialhr.co\/blog\/puestos-de-trabajo\/\"},\"author\":{\"name\":\"Ana Sof\u00eda\",\"@id\":\"https:\/\/factorialhr.co\/blog\/#\/schema\/person\/4c821b23b3055ecd03e12b7a41d0a00c\"},\"headline\":\"Puestos de trabajo: formato para la descripci\u00f3n de tus ofertas laborales [+Plantilla]\",\"datePublished\":\"2022-03-15T15:44:04+00:00\",\"dateModified\":\"2023-04-21T11:47:05+00:00\",\"mainEntityOfPage\":{\"@id\":\"https:\/\/factorialhr.co\/blog\/puestos-de-trabajo\/\"},\"wordCount\":1783,\"publisher\":{\"@id\":\"https:\/\/factorialhr.co\/blog\/#organization\"},\"articleSection\":[\"Gesti\u00f3n del talento\"],\"inLanguage\":\"es-CO\"},{\"@type\":\"WebPage\",\"@id\":\"https:\/\/factorialhr.co\/blog\/puestos-de-trabajo\/\",\"url\":\"https:\/\/factorialhr.co\/blog\/puestos-de-trabajo\/\",\"name\":\"Puestos de trabajo: formato para la descripci\u00f3n de tus ofertas laborales\",\"isPartOf\":{\"@id\":\"https:\/\/factorialhr.co\/blog\/#website\"},\"datePublished\":\"2022-03-15T15:44:04+00:00\",\"dateModified\":\"2023-04-21T11:47:05+00:00\",\"description\":\"Te ense\u00f1ados c\u00f3mo realizar una descripci\u00f3n de puestos de trabajo efectiva sea cual sea la industr\u00eda o el puesto, con nuestro formato.\",\"inLanguage\":\"es-CO\",\"potentialAction\":[{\"@type\":\"ReadAction\",\"target\":[\"https:\/\/factorialhr.co\/blog\/puestos-de-trabajo\/\"]}]},{\"@type\":\"WebSite\",\"@id\":\"https:\/\/factorialhr.co\/blog\/#website\",\"url\":\"https:\/\/factorialhr.co\/blog\/\",\"name\":\"Factorial\",\"description\":\"\",\"publisher\":{\"@id\":\"https:\/\/factorialhr.co\/blog\/#organization\"},\"potentialAction\":[{\"@type\":\"SearchAction\",\"target\":{\"@type\":\"EntryPoint\",\"urlTemplate\":\"https:\/\/factorialhr.co\/blog\/?s={search_term_string}\"},\"query-input\":\"required name=search_term_string\"}],\"inLanguage\":\"es-CO\"},{\"@type\":\"Organization\",\"@id\":\"https:\/\/factorialhr.co\/blog\/#organization\",\"name\":\"All-in-one business management software - Factorial\",\"url\":\"https:\/\/factorialhr.co\/blog\/\",\"logo\":{\"@type\":\"ImageObject\",\"inLanguage\":\"es-CO\",\"@id\":\"https:\/\/factorialhr.co\/blog\/#\/schema\/logo\/image\/\",\"url\":\"https:\/\/factorialhr.co\/wp-content\/uploads\/2023\/07\/18155144\/factorial-logo.png\",\"contentUrl\":\"https:\/\/factorialhr.co\/wp-content\/uploads\/2023\/07\/18155144\/factorial-logo.png\",\"width\":946,\"height\":880,\"caption\":\"All-in-one business management software - Factorial\"},\"image\":{\"@id\":\"https:\/\/factorialhr.co\/blog\/#\/schema\/logo\/image\/\"},\"sameAs\":[\"https:\/\/www.facebook.com\/people\/Factorial\/100064908455810\/\",\"https:\/\/twitter.com\/factorialapp\",\"https:\/\/www.linkedin.com\/company\/factorialhr\",\"https:\/\/www.youtube.com\/@factorialmedia\",\"https:\/\/www.instagram.com\/factorial\/#\"]},{\"@type\":\"Person\",\"@id\":\"https:\/\/factorialhr.co\/blog\/#\/schema\/person\/4c821b23b3055ecd03e12b7a41d0a00c\",\"name\":\"Ana Sof\u00eda\",\"image\":{\"@type\":\"ImageObject\",\"inLanguage\":\"es-CO\",\"@id\":\"https:\/\/factorialhr.co\/blog\/#\/schema\/person\/image\/\",\"url\":\"https:\/\/secure.gravatar.com\/avatar\/16487a9e4a2fe2f13e2b30a5d69560ac?s=96&d=identicon&r=g\",\"contentUrl\":\"https:\/\/secure.gravatar.com\/avatar\/16487a9e4a2fe2f13e2b30a5d69560ac?s=96&d=identicon&r=g\",\"caption\":\"Ana Sof\u00eda\"},\"description\":\"\u00a1Hola! Te cuento un poco de mi. Soy paname\u00f1a y trabajo como Content Manager en Factorial HR para el equipo de LATAM. En Argentina decid\u00ed realizar una licenciatura en Direcci\u00f3n de Arte con un enfoque en Creatividad Publicitaria. Al terminar, empec\u00e9 mi camino en el mundo del marketing digital, creando contenidos y campa\u00f1as para diferentes mercados y sectores en m\u00faltiples plataformas digitales.\",\"sameAs\":[\"https:\/\/www.linkedin.com\/in\/anadormoi\/\"],\"url\":\"https:\/\/factorialhr.co\/blog\/author\/anasofia\/\"}]}<\/script>\n<!-- \/ Yoast SEO Premium plugin. -->","yoast_head_json":{"title":"Puestos de trabajo: formato para la descripci\u00f3n de tus ofertas laborales","description":"Te ense\u00f1ados c\u00f3mo realizar una descripci\u00f3n de puestos de trabajo efectiva sea cual sea la industr\u00eda o el puesto, con nuestro formato.","robots":{"index":"index","follow":"follow","max-snippet":"max-snippet:-1","max-image-preview":"max-image-preview:large","max-video-preview":"max-video-preview:-1"},"canonical":"https:\/\/factorialhr.co\/blog\/puestos-de-trabajo\/","og_locale":"es_ES","og_type":"article","og_title":"Puestos de trabajo: formato para la descripci\u00f3n de tus ofertas laborales [+Plantilla]","og_description":"Te ense\u00f1ados c\u00f3mo realizar una descripci\u00f3n de puestos de trabajo efectiva sea cual sea la industr\u00eda o el puesto, con nuestro formato.","og_url":"https:\/\/factorialhr.co\/blog\/puestos-de-trabajo\/","og_site_name":"Factorial","article_publisher":"https:\/\/www.facebook.com\/people\/Factorial\/100064908455810\/","article_published_time":"2022-03-15T15:44:04+00:00","article_modified_time":"2023-04-21T11:47:05+00:00","og_image":[{"width":840,"height":400,"url":"https:\/\/factorialhr.co\/wp-content\/uploads\/2022\/03\/17174318\/competencias-cl-3.jpg","type":"image\/jpeg"}],"author":"Ana Sof\u00eda","twitter_card":"summary_large_image","twitter_creator":"@factorialapp","twitter_site":"@factorialapp","twitter_misc":{"Written by":"Ana Sof\u00eda","Est. reading time":"9 minutes"},"schema":{"@context":"https:\/\/schema.org","@graph":[{"@type":"Article","@id":"https:\/\/factorialhr.co\/blog\/puestos-de-trabajo\/#article","isPartOf":{"@id":"https:\/\/factorialhr.co\/blog\/puestos-de-trabajo\/"},"author":{"name":"Ana Sof\u00eda","@id":"https:\/\/factorialhr.co\/blog\/#\/schema\/person\/4c821b23b3055ecd03e12b7a41d0a00c"},"headline":"Puestos de trabajo: formato para la descripci\u00f3n de tus ofertas laborales [+Plantilla]","datePublished":"2022-03-15T15:44:04+00:00","dateModified":"2023-04-21T11:47:05+00:00","mainEntityOfPage":{"@id":"https:\/\/factorialhr.co\/blog\/puestos-de-trabajo\/"},"wordCount":1783,"publisher":{"@id":"https:\/\/factorialhr.co\/blog\/#organization"},"articleSection":["Gesti\u00f3n del talento"],"inLanguage":"es-CO"},{"@type":"WebPage","@id":"https:\/\/factorialhr.co\/blog\/puestos-de-trabajo\/","url":"https:\/\/factorialhr.co\/blog\/puestos-de-trabajo\/","name":"Puestos de trabajo: formato para la descripci\u00f3n de tus ofertas laborales","isPartOf":{"@id":"https:\/\/factorialhr.co\/blog\/#website"},"datePublished":"2022-03-15T15:44:04+00:00","dateModified":"2023-04-21T11:47:05+00:00","description":"Te ense\u00f1ados c\u00f3mo realizar una descripci\u00f3n de puestos de trabajo efectiva sea cual sea la industr\u00eda o el puesto, con nuestro formato.","inLanguage":"es-CO","potentialAction":[{"@type":"ReadAction","target":["https:\/\/factorialhr.co\/blog\/puestos-de-trabajo\/"]}]},{"@type":"WebSite","@id":"https:\/\/factorialhr.co\/blog\/#website","url":"https:\/\/factorialhr.co\/blog\/","name":"Factorial","description":"","publisher":{"@id":"https:\/\/factorialhr.co\/blog\/#organization"},"potentialAction":[{"@type":"SearchAction","target":{"@type":"EntryPoint","urlTemplate":"https:\/\/factorialhr.co\/blog\/?s={search_term_string}"},"query-input":"required name=search_term_string"}],"inLanguage":"es-CO"},{"@type":"Organization","@id":"https:\/\/factorialhr.co\/blog\/#organization","name":"All-in-one business management software - Factorial","url":"https:\/\/factorialhr.co\/blog\/","logo":{"@type":"ImageObject","inLanguage":"es-CO","@id":"https:\/\/factorialhr.co\/blog\/#\/schema\/logo\/image\/","url":"https:\/\/factorialhr.co\/wp-content\/uploads\/2023\/07\/18155144\/factorial-logo.png","contentUrl":"https:\/\/factorialhr.co\/wp-content\/uploads\/2023\/07\/18155144\/factorial-logo.png","width":946,"height":880,"caption":"All-in-one business management software - Factorial"},"image":{"@id":"https:\/\/factorialhr.co\/blog\/#\/schema\/logo\/image\/"},"sameAs":["https:\/\/www.facebook.com\/people\/Factorial\/100064908455810\/","https:\/\/twitter.com\/factorialapp","https:\/\/www.linkedin.com\/company\/factorialhr","https:\/\/www.youtube.com\/@factorialmedia","https:\/\/www.instagram.com\/factorial\/#"]},{"@type":"Person","@id":"https:\/\/factorialhr.co\/blog\/#\/schema\/person\/4c821b23b3055ecd03e12b7a41d0a00c","name":"Ana Sof\u00eda","image":{"@type":"ImageObject","inLanguage":"es-CO","@id":"https:\/\/factorialhr.co\/blog\/#\/schema\/person\/image\/","url":"https:\/\/secure.gravatar.com\/avatar\/16487a9e4a2fe2f13e2b30a5d69560ac?s=96&d=identicon&r=g","contentUrl":"https:\/\/secure.gravatar.com\/avatar\/16487a9e4a2fe2f13e2b30a5d69560ac?s=96&d=identicon&r=g","caption":"Ana Sof\u00eda"},"description":"\u00a1Hola! Te cuento un poco de mi. Soy paname\u00f1a y trabajo como Content Manager en Factorial HR para el equipo de LATAM. En Argentina decid\u00ed realizar una licenciatura en Direcci\u00f3n de Arte con un enfoque en Creatividad Publicitaria. Al terminar, empec\u00e9 mi camino en el mundo del marketing digital, creando contenidos y campa\u00f1as para diferentes mercados y sectores en m\u00faltiples plataformas digitales.","sameAs":["https:\/\/www.linkedin.com\/in\/anadormoi\/"],"url":"https:\/\/factorialhr.co\/blog\/author\/anasofia\/"}]}},"_links":{"self":[{"href":"https:\/\/factorialhr.co\/blog\/wp-json\/wp\/v2\/posts\/69471"}],"collection":[{"href":"https:\/\/factorialhr.co\/blog\/wp-json\/wp\/v2\/posts"}],"about":[{"href":"https:\/\/factorialhr.co\/blog\/wp-json\/wp\/v2\/types\/post"}],"author":[{"embeddable":true,"href":"https:\/\/factorialhr.co\/blog\/wp-json\/wp\/v2\/users\/74"}],"replies":[{"embeddable":true,"href":"https:\/\/factorialhr.co\/blog\/wp-json\/wp\/v2\/comments?post=69471"}],"version-history":[{"count":5,"href":"https:\/\/factorialhr.co\/blog\/wp-json\/wp\/v2\/posts\/69471\/revisions"}],"predecessor-version":[{"id":86485,"href":"https:\/\/factorialhr.co\/blog\/wp-json\/wp\/v2\/posts\/69471\/revisions\/86485"}],"wp:featuredmedia":[{"embeddable":true,"href":"https:\/\/factorialhr.co\/blog\/wp-json\/wp\/v2\/media\/69474"}],"wp:attachment":[{"href":"https:\/\/factorialhr.co\/blog\/wp-json\/wp\/v2\/media?parent=69471"}],"wp:term":[{"taxonomy":"category","embeddable":true,"href":"https:\/\/factorialhr.co\/blog\/wp-json\/wp\/v2\/categories?post=69471"},{"taxonomy":"post_tag","embeddable":true,"href":"https:\/\/factorialhr.co\/blog\/wp-json\/wp\/v2\/tags?post=69471"}],"curies":[{"name":"wp","href":"https:\/\/api.w.org\/{rel}","templated":true}]}}