{"id":194880,"date":"2026-07-09T17:45:49","date_gmt":"2026-07-09T15:45:49","guid":{"rendered":"https:\/\/factorialhr.com\/blog\/?p=194880"},"modified":"2026-08-02T14:22:57","modified_gmt":"2026-08-02T12:22:57","slug":"ausentismo-laboral-colombia","status":"publish","type":"post","link":"https:\/\/factorialhr.co\/blog\/ausentismo-laboral-colombia\/","title":{"rendered":"Ausentismo laboral en Colombia: causas, costos y c\u00f3mo gestionarlo desde RR. HH."},"content":{"rendered":"<p>Las faltas al trabajo son inevitables. Sin embargo, cuando se repiten con frecuencia, afectan la productividad y el clima organizacional. Este fen\u00f3meno se conoce como ausentismo laboral en Colombia. Adem\u00e1s, representa uno de los principales retos para la gesti\u00f3n del talento humano en el pa\u00eds.<\/p>\n<p>Por eso, entender sus causas y consecuencias resulta clave para reducirlo de forma sostenida.<\/p>\n<p>En este art\u00edculo explicamos qu\u00e9 es el ausentismo laboral y cu\u00e1l es su situaci\u00f3n actual en Colombia. Tambi\u00e9n analizamos sus causas m\u00e1s comunes, las estrategias para reducirlo y la normativa que deben conocer las empresas.<\/p>\n<h2>Qu\u00e9 es el ausentismo laboral?<\/h2>\n<p>El ausentismo laboral se refiere a la ausencia del trabajador en su puesto durante el horario establecido, ya sea por causas justificadas o injustificadas.<\/p>\n<p>Seg\u00fan la Organizaci\u00f3n Internacional del Trabajo (OIT), el ausentismo es la no asistencia al trabajo cuando estaba prevista la presencia del colaborador. Esta definici\u00f3n incluye tanto las faltas totales como los retrasos o abandonos durante la jornada.<\/p>\n<p>Seg\u00fan datos de la ANDI reportados en 2026, las ausencias por enfermedades comunes alcanzan\u00a0<strong>9,4 d\u00edas por trabajador al a\u00f1o<\/strong>\u00a0en Colombia, de los cuales 5,8 corresponden a enfermedades prevenibles<\/p>\n<h3>En otras palabras, el ausentismo laboral en Colombia abarca:<\/h3>\n<ul>\n<li>Faltas completas al trabajo<\/li>\n<li>Llegadas tarde<\/li>\n<li>Salidas anticipadas<\/li>\n<li>Abandono del puesto sin autorizaci\u00f3n<\/li>\n<\/ul>\n<p>Todas estas situaciones representan un incumplimiento parcial del contrato laboral, ya que afectan directamente los procesos y la calidad del servicio.<\/p>\n<p>Aunque muchas ausencias est\u00e1n justificadas por enfermedad, tr\u00e1mites o emergencias familiares, igualmente generan un costo para la organizaci\u00f3n.<\/p>\n<p>Cuando alguien falta, sus tareas deben ser cubiertas por otros compa\u00f1eros o quedan pendientes, lo cual afecta el flujo de trabajo.<\/p>\n<p>Por esta raz\u00f3n, el ausentismo laboral se considera hoy uno de los principales desaf\u00edos organizacionales, sobre todo cuando se vuelve recurrente o generalizado.<\/p>\n<h2>El ausentismo laboral en Colombia<\/h2>\n<p>Aunque suele tratarse como algo inevitable, el impacto del ausentismo laboral en Colombia es real y medible.<\/p>\n<p>Desde la sobrecarga de trabajo para los equipos hasta la ca\u00edda en la calidad de los procesos, sus consecuencias se reflejan tanto en el clima interno como en la rentabilidad.<\/p>\n<p>A continuaci\u00f3n, revisamos los datos m\u00e1s recientes sobre su magnitud, sus causas frecuentes y el costo econ\u00f3mico que representa para las organizaciones.<\/p>\n<h2>Cu\u00e1l es la tasa promedio de ausentismo laboral en Colombia?<\/h2>\n<p>En Colombia la tasa promedio var\u00eda seg\u00fan el sector y la metodolog\u00eda de cada estudio. Sin embargo, distintos informes ofrecen una referencia s\u00f3lida.<\/p>\n<p>Seg\u00fan datos recientes de la ANDI, las ausencias por enfermedades comunes alcanzan <strong>9,4 d\u00edas por trabajador al a\u00f1o<\/strong>, de los cuales 5,8 d\u00edas corresponden a enfermedades prevenibles.<\/p>\n<p>Asimismo, la VI Encuesta de Ausentismo Laboral e Incapacidades (EALI), elaborada por la ANDI y el CESLA, detect\u00f3 m\u00e1s de 623.000 casos de ausentismo en una muestra de 194 empresas, que representan cerca del 26,4 % del PIB nacional.<\/p>\n<p>Adicionalmente, un informe de la Federaci\u00f3n Colombiana de Gesti\u00f3n Humana (ACRIP) revel\u00f3 que, en 2023, el 39,1 % de las empresas colombianas ni siquiera med\u00eda su tasa de ausentismo.<\/p>\n<p>Esto dificulta la toma de decisiones basadas en evidencia. Por eso, m\u00e1s que perseguir una cifra exacta, lo recomendable es que cada organizaci\u00f3n calcule su propio indicador y lo compare con estos referentes del mercado.<\/p>\n<p>Conoce c\u00f3mo calcular la tasa de ausentismo en tu empresa para tener datos confiables antes de dise\u00f1ar cualquier estrategia.<\/p>\n<h2>Qu\u00e9 factores influyen en el ausentismo laboral en Colombia?<\/h2>\n<p>Diversos estudios del sector coinciden en los principales factores que explican el ausentismo laboral en Colombia.<\/p>\n<p>En primer lugar, seg\u00fan la ANDI, el 52 % de las incapacidades que reciben las empresas corresponde a enfermedad general, permisos y licencias, mientras que apenas el 3 % responde a accidentes laborales.<\/p>\n<p>Por su parte, un estudio acad\u00e9mico sobre pymes en Bogot\u00e1 encontr\u00f3 que, en 2023, el 79,7 % de las ausencias se debi\u00f3 a enfermedades generales, principalmente trastornos osteomusculares y respiratorios.<\/p>\n<p>Adem\u00e1s, factores como el estr\u00e9s laboral, la falta de equilibrio entre la vida personal y profesional, y un clima organizacional deficiente tambi\u00e9n elevan las cifras de inasistencia laboral.<\/p>\n<p>Estos elementos, en conjunto, incrementan igualmente el riesgo de rotaci\u00f3n de personal y reducen el compromiso de los equipos con la organizaci\u00f3n.<\/p>\n<h2>Impacto econ\u00f3mico del ausentismo laboral en Colombia<\/h2>\n<p>El costo del ausentismo laboral en Colombia es significativo para el sector privado. Seg\u00fan la Encuesta de Ausentismo Laboral, Incapacidades y Reubicaciones M\u00e9dicas de la ANDI, las empresas pagaron un 5,78 % adicional sobre el salario de cada trabajador durante 2020. En 2021, esta cifra baj\u00f3 al 3,4 %.<\/p>\n<p>Aunque estos porcentajes var\u00edan, confirman una carga financiera constante para los empleadores.<\/p>\n<p>Por otro lado, la tasa de accidentes de trabajo fue de 4,3 por cada 100 trabajadores en 2023, seg\u00fan Fasecolda.<\/p>\n<p>Este indicador mostr\u00f3 una tendencia a la baja frente a a\u00f1os anteriores. No obstante, el impacto real podr\u00eda ser mayor. En ciertos sectores, las ausencias no siempre se reportan formalmente.<\/p>\n<p>En consecuencia, el sector empresarial y las entidades del Sistema General de Riesgos Laborales han impulsado programas de prevenci\u00f3n. Estas iniciativas buscan fortalecer la seguridad y salud en el trabajo y reducir esta carga estructural.<\/p>\n<h2>Tipos de ausentismo laboral en Colombia<\/h2>\n<p>Para entender qu\u00e9 es el ausentismo laboral no es necesario distinguir por qu\u00e9 se produce la falta, ya que cualquier ausencia se considera como tal.<\/p>\n<p>No obstante, conviene diferenciar entre el ausentismo laboral justificado y el injustificado. A continuaci\u00f3n, revisamos ambos en detalle.<\/p>\n<h3>Ausentismo laboral justificado<\/h3>\n<p>Este tipo de ausencia cuenta con una causa que la respalda. En estos casos, el trabajador avisa previamente y el empleador autoriza la ausencia.<\/p>\n<h2>Qu\u00e9 situaciones entran dentro del ausentismo laboral justificado?<\/h2>\n<p>Cita m\u00e9dica. Es una de las causas m\u00e1s frecuentes de ausentismo laboral en Colombia y ocurre cuando el colaborador debe acudir a consulta durante el horario laboral.<\/p>\n<ul>\n<li>Incapacidad. El sistema de seguridad social colombiano reconoce distintas <a href=\"https:\/\/factorialhr.co\/blog\/como-se-pagan-las-incapacidades\/\" target=\"_blank\" rel=\"noopener\">incapacidades laborales<\/a> seg\u00fan su origen. En caso de licencia de maternidad, la trabajadora tiene derecho a 18 semanas remuneradas, mientras que el padre cuenta con dos semanas de licencia de paternidad, conforme al art\u00edculo 236 del C\u00f3digo Sustantivo del Trabajo (CST).<\/li>\n<li>Vacaciones. De acuerdo con el art\u00edculo 186 del CST, todo trabajador que haya prestado servicios durante un a\u00f1o tiene derecho a <strong>15 d\u00edas h\u00e1biles consecutivos de vacaciones remuneradas.<\/strong> El empleador debe fijar la fecha con al menos 15 d\u00edas de anticipaci\u00f3n y puede acumular hasta 2 per\u00edodos, o hasta 4 a\u00f1os en cargos t\u00e9cnicos o de confianza. Aunque implica una ausencia planificada, no se contabiliza como ausentismo laboral negativo.<\/li>\n<li>Problemas de salud. Cuando el colaborador presenta certificados m\u00e9dicos que respaldan una afectaci\u00f3n de salud, la ausencia tambi\u00e9n se considera justificada.<\/li>\n<li>Fallecimiento de un familiar. La <a href=\"https:\/\/www.funcionpublica.gov.co\/eva\/gestornormativo\/norma.php?i=34496\" target=\"_blank\" rel=\"noopener\">Ley 1280 de 2009<\/a> establece una licencia por luto de <strong>5 d\u00edas h\u00e1biles remunerados<\/strong>, aplicable ante el fallecimiento del c\u00f3nyuge o de familiares hasta segundo grado de consanguinidad, primero de afinidad y primero civil. Esta licencia es obligatoria para el empleador, sin importar el tipo de vinculaci\u00f3n laboral.<\/li>\n<li>Ausentismo laboral injust<\/li>\n<\/ul>\n<h2>El ausentismo laboral injustificado:<\/h2>\n<p>Ocurre cuando el trabajador falta sin poder justificar su ausencia. Adem\u00e1s, suele presentarse sin previo aviso. Esto dificulta la organizaci\u00f3n de las tareas pendientes. Por esta raz\u00f3n, es una situaci\u00f3n compleja para cualquier \u00e1rea de RR. HH.<\/p>\n<p>Tambi\u00e9n se considera ausentismo cuando el colaborador no llega, se retira antes de su horario o presenta un retraso injustificado.<\/p>\n<p>El empleador no puede anticiparse a estas situaciones. All\u00ed radica su principal dificultad.<\/p>\n<p>Cabe aclarar que, conforme al art\u00edculo 62 del CST, la reincidencia en faltas injustificadas puede constituir una justa causa.<\/p>\n<p>En estos casos, el empleador podr\u00eda dar por terminado el contrato de trabajo. Esta medida depender\u00e1 de lo establecido en el reglamento interno de cada empresa.<\/p>\n<h2>Qu\u00e9 factores influyen en el ausentismo laboral en Colombia?<\/h2>\n<p>Diversos estudios del sector coinciden en los principales factores que explican el ausentismo laboral en Colombia.<\/p>\n<p>En primer lugar, seg\u00fan la ANDI, el 52 % de las incapacidades que reciben las empresas corresponde a enfermedad general, permisos y licencias, mientras que apenas el 3 % responde a accidentes laborales.<\/p>\n<p>Un estudio acad\u00e9mico publicado en la Revista Cient\u00edfica Estudios y Perspectivas (Vol. 5, No. 1, enero\u2013marzo 2025) sobre pymes en Bogot\u00e1 encontr\u00f3 que \u00a0el 79,7 % de las ausencias se debi\u00f3 a enfermedades generales, principalmente trastornos osteomusculares y respiratorios.<\/p>\n<p>Adem\u00e1s, factores como el estr\u00e9s laboral, la falta de equilibrio entre la vida personal y profesional, y un clima organizacional deficiente tambi\u00e9n elevan las cifras de inasistencia laboral.<\/p>\n<p>Estos elementos, en conjunto, incrementan igualmente el riesgo de rotaci\u00f3n de personal y reducen el compromiso de los equipos con la organizaci\u00f3n.<\/p>\n<p>En el plano normativo, la Resoluci\u00f3n 2646 de 2008 del Ministerio de la Protecci\u00f3n Social obliga a las empresas a identificar, evaluar, prevenir e intervenir los factores de riesgo psicosocial (estr\u00e9s, carga mental, clima organizacional) que est\u00e1n directamente correlacionados con el ausentismo laboral y la salud ocupacional.<\/p>\n<p>El incumplimiento de esta norma no solo expone a la organizaci\u00f3n a sanciones, sino que perpet\u00faa las causas estructurales de las ausencias.<\/p>\n<h2>Consecuencias del ausentismo laboral en las empresas<\/h2>\n<p><strong>Productividad<\/strong><\/p>\n<p>Cuando el ausentismo laboral se vuelve recurrente, afecta la productividad de forma integral. Las tareas pendientes se acumulan y los equipos deben redistribuir cargas de trabajo sin previo aviso.<\/p>\n<p><strong>Costos<\/strong><\/p>\n<p>Como vimos, el ausentismo laboral en Colombia representa entre el 3,4 % y el 5,78 % adicional sobre el costo salarial. Esta cifra puede elevarse si se suman horas extra o contrataciones de reemplazo.<\/p>\n<p><strong>Motivaci\u00f3n<\/strong><\/p>\n<p>El equipo que cubre las ausencias de sus compa\u00f1eros suele experimentar sobrecarga. Con el tiempo, esto reduce la motivaci\u00f3n general y afecta el desempe\u00f1o colectivo.<\/p>\n<p><strong>Organizaci\u00f3n<\/strong><\/p>\n<p>Sin una herramienta adecuada de <strong><a href=\"https:\/\/factorialhr.co\/vacaciones-faltas-asistencias\" target=\"_blank\" rel=\"noopener\">gesti\u00f3n de ausencias y vacaciones<\/a>,<\/strong> coordinar horarios y reemplazos se vuelve una tarea compleja .<\/p>\n<p><strong>Reputaci\u00f3n empresarial<\/strong><\/p>\n<p>Un equipo desorganizado o sobrecargado genera retrasos y afecta la calidad del servicio. Con el tiempo, esto deteriora la imagen de la empresa frente a clientes y candidatos.<\/p>\n<p><strong>Rotaci\u00f3n de personal<\/strong><\/p>\n<p>El esfuerzo constante por cubrir ausencias agota a los colaboradores presentes. Si no se implementan acciones correctivas, esto incrementa el riesgo de renuncias y nuevos costos de contrataci\u00f3n.<\/p>\n<p><strong>Salud organizacional<\/strong><\/p>\n<p>El ausentismo laboral cr\u00f3nico suele ser una se\u00f1al de alerta sobre problemas sist\u00e9micos. Detectarlo a tiempo evita una crisis mayor.<\/p>\n<p><strong>Decisiones err\u00f3neas de gesti\u00f3n<\/strong><\/p>\n<p>La falta de datos claros sobre ausencias puede llevar a decisiones equivocadas, como contratar personal adicional cuando el problema real es la sobrecarga existente.<\/p>\n<h2>Cu\u00e1l es la tasa promedio de ausentismo laboral en Colombia en 2026?<\/h2>\n<p>Seg\u00fan datos de la ANDI publicados en 2026, las ausencias por enfermedades comunes alcanzan 9,4 d\u00edas por trabajador al a\u00f1o. De ese total, 5,8 d\u00edas corresponden a enfermedades prevenibles, como las infecciones respiratorias.<\/p>\n<p>La VI Encuesta de Ausentismo Laboral e Incapacidades (EALI) fue elaborada por la ANDI y el CESLA. El estudio detect\u00f3 m\u00e1s de 623.000 casos de ausentismo en una muestra de 194 empresas. Estas organizaciones representan el 26,4 % del PIB nacional.<\/p>\n<p>Adem\u00e1s, un estudio de la Federaci\u00f3n Colombiana de Gesti\u00f3n Humana (ACRIP) revel\u00f3 que el \u00edndice promedio de ausentismo baj\u00f3 al 8 % en 2025.<\/p>\n<p>Sin embargo, solo el 35,3 % de las ausencias fueron justificadas. Asimismo, el 39,6 % de las empresas todav\u00eda no calcula los costos asociados a este indicador<\/p>\n<p>Conoce c\u00f3mo calcular la tasa de ausentismo en tu empresa para tener datos confiables antes de dise\u00f1ar cualquier estrategia.<\/p>\n<h2>Cu\u00e1l es el impacto econ\u00f3mico del ausentismo laboral en Colombia?<\/h2>\n<p>El costo del ausentismo laboral en Colombia es significativo para el sector privado. Seg\u00fan la Encuesta de Ausentismo Laboral, Incapacidades y Reubicaciones M\u00e9dicas de la ANDI, las empresas pagaron un 5,78 % adicional sobre el salario de cada trabajador en 2020. En 2021, esta cifra baj\u00f3 al 3,4 %.<\/p>\n<p>A esto se suma otro factor relevante. Seg\u00fan la ACRIP, las empresas que pagan salarios por debajo del cuartil inferior del mercado registran un ausentismo del 10,29 %. En cambio, aquellas que ofrecen condiciones salariales m\u00e1s competitivas presentan una tasa del 3,81 %.<\/p>\n<p>Por otro lado, la C\u00e1mara de Comercio Colombo Americana inform\u00f3 que en 2024 se registraron 521.226 accidentes laborales. Adem\u00e1s, se reportaron 10.429 enfermedades de origen laboral en el pa\u00eds.<\/p>\n<p>Estas cifras evidencian que la carga sobre el Sistema General de Riesgos Laborales sigue siendo significativa.<\/p>\n<p>Cabe destacar que la Ley 2466 de 2025 fue sancionada el 25 de junio de 2025. Esta reforma laboral ampli\u00f3 el cat\u00e1logo de licencias remuneradas.<\/p>\n<p>Tambi\u00e9n reforz\u00f3 las obligaciones de los empleadores en materia de entornos laborales saludables.<\/p>\n<p>Las \u00e1reas de RR. HH. deben revisar sus pol\u00edticas de gesti\u00f3n de ausencias a la luz de esta normativa. De este modo, pueden garantizar el cumplimiento legal y evitar sanciones<\/p>\n<h2>C\u00f3mo mejorar la gesti\u00f3n del ausentismo laboral en tu organizaci\u00f3n?<\/h2>\n<p>Frente a este desaf\u00edo que impacta la productividad, existen varias estrategias efectivas. A continuaci\u00f3n, algunas ideas para comenzar a resolverlo desde el \u00e1rea de RR. HH.<\/p>\n<h2>Pol\u00edtica de asistencia y ausencia<\/h2>\n<p>Establecer con claridad la pol\u00edtica de la empresa es fundamental para reducir el ausentismo laboral en Colombia.<\/p>\n<p>Es necesario definir qu\u00e9 casos se consideran justificados y qu\u00e9 consecuencias genera cada situaci\u00f3n. De esta manera, el equipo comprende el impacto real de su presencia en la organizaci\u00f3n.<\/p>\n<h2>Proceso claro para solicitar permisos<\/h2>\n<p>Muchas veces el ausentismo laboral surge por dificultades al notificar una ausencia. Por eso, conviene revisar el sistema actual de gesti\u00f3n de permisos. Un <a href=\"https:\/\/factorialhr.co\/blog\/gestion-de-asistencia\/\" target=\"_blank\" rel=\"noopener\">software de gesti\u00f3n de ausencias<\/a> permite automatizar solicitudes, aprobar permisos y centralizar toda la informaci\u00f3n en un solo lugar.<\/p>\n<h3>An\u00e1lisis de las causas del ausentismo<\/h3>\n<p>\u00bfPor qu\u00e9 se ausenta tu equipo? Lo que no se mide, no se puede mejorar. Encuestas an\u00f3nimas, reuniones de \u00e1rea y sesiones individuales ayudan a identificar patrones de ausentismo laboral .<\/p>\n<p><strong>Horario flexible<\/strong><\/p>\n<p>La flexibilidad horaria permite que los colaboradores tengan un rol m\u00e1s activo en la organizaci\u00f3n de su jornada. Esto favorece especialmente a quienes tienen hijos o largos desplazamientos, y contribuye a reducir tardanzas.<\/p>\n<p><strong>Bienestar organizacional<\/strong><\/p>\n<p>Los programas de bienestar, el acompa\u00f1amiento psicol\u00f3gico y la escucha activa fortalecen la cultura corporativa. Cuando el bienestar es un objetivo real, se refleja en la reducci\u00f3n sostenida del ausentismo laboral.<\/p>\n<h2>Marco normativo y cumplimiento<\/h2>\n<p>Conocer la legislaci\u00f3n laboral colombiana, incluidas las incapacidades, licencias y el correcto manejo del sistema de <a href=\"https:\/\/factorialhr.co\/blog\/que-es-arl\/\" target=\"_blank\" rel=\"noopener\">ARL<\/a>, protege tanto al trabajador como al empleador.<\/p>\n<p>Un manejo inadecuado de estas figuras puede derivar en sanciones o incluso en un <a href=\"https:\/\/factorialhr.co\/blog\/indemnizacion-por-despido-sin-justa-causa\/\" target=\"_blank\" rel=\"noopener\">despido sin justa causa,<\/a> .<\/p>\n<h3>La tecnolog\u00eda como aliada<\/h3>\n<p>Ning\u00fan proceso interno puede optimizarse sin datos confiables. Un software de RR. HH. permite centralizar la informaci\u00f3n, automatizar aprobaciones y generar reportes. Estos datos facilitan la toma de decisiones estrat\u00e9gicas frente al ausentismo laboral en Colombia.<\/p>\n<p>Reducir el ausentismo no consiste \u00fanicamente en sancionar faltas. Tambi\u00e9n requiere dise\u00f1ar entornos de trabajo saludables, flexibles y alineados con la normativa vigente.<\/p>\n<p>Las organizaciones que invierten en bienestar, liderazgo y tecnolog\u00eda logran disminuir las ausencias recurrentes. Adem\u00e1s, fortalecen el compromiso del talento a largo plazo.<\/p>\n","protected":false},"excerpt":{"rendered":"<p>Las faltas al trabajo son inevitables. Sin embargo, cuando se repiten con frecuencia, afectan la productividad y el clima organizacional. Este fen\u00f3meno se conoce como ausentismo laboral en Colombia. Adem\u00e1s, representa uno de los principales retos para la gesti\u00f3n del talento humano en el pa\u00eds. Por eso, entender sus causas y consecuencias resulta clave para<a href=\"https:\/\/factorialhr.co\/blog\/ausentismo-laboral-colombia\/\" class=\"read-more\"> [&#8230;]<\/a><\/p>\n","protected":false},"author":362,"featured_media":0,"comment_status":"closed","ping_status":"closed","sticky":false,"template":"","format":"standard","meta":{"_acf_changed":false,"footnotes":""},"categories":[319],"tags":[],"class_list":["post-194880","post","type-post","status-publish","format-standard","hentry","category-leyes-laborales-2"],"acf":{"topics":false},"yoast_head":"<!-- This site is optimized with the Yoast SEO Premium plugin v21.5 (Yoast SEO v21.9.1) - https:\/\/yoast.com\/wordpress\/plugins\/seo\/ -->\n<title>Ausentismo laboral en Colombia: causas y soluciones<\/title>\n<meta name=\"description\" content=\"Descubre qu\u00e9 causa el ausentismo laboral en Colombia, su costo real y c\u00f3mo reducirlo con datos, normativa CST y buenas pr\u00e1cticas de RR. HH.\" \/>\n<meta name=\"robots\" content=\"index, follow, max-snippet:-1, max-image-preview:large, max-video-preview:-1\" \/>\n<link rel=\"canonical\" href=\"https:\/\/factorialhr.co\/blog\/ausentismo-laboral-colombia\/\" \/>\n<meta property=\"og:locale\" content=\"es_ES\" \/>\n<meta property=\"og:type\" content=\"article\" \/>\n<meta property=\"og:title\" content=\"Ausentismo laboral en Colombia: causas, costos y c\u00f3mo gestionarlo desde RR. HH.\" \/>\n<meta property=\"og:description\" content=\"Descubre qu\u00e9 causa el ausentismo laboral en Colombia, su costo real y c\u00f3mo reducirlo con datos, normativa CST y buenas pr\u00e1cticas de RR. HH.\" \/>\n<meta property=\"og:url\" content=\"https:\/\/factorialhr.co\/blog\/ausentismo-laboral-colombia\/\" \/>\n<meta property=\"og:site_name\" content=\"Factorial\" \/>\n<meta property=\"article:publisher\" content=\"https:\/\/www.facebook.com\/people\/Factorial\/100064908455810\/\" \/>\n<meta property=\"article:published_time\" content=\"2026-07-09T15:45:49+00:00\" \/>\n<meta property=\"article:modified_time\" content=\"2026-08-02T12:22:57+00:00\" \/>\n<meta name=\"author\" content=\"Belen Carrillo\" \/>\n<meta name=\"twitter:card\" content=\"summary_large_image\" \/>\n<meta name=\"twitter:creator\" content=\"@factorialapp\" \/>\n<meta name=\"twitter:site\" content=\"@factorialapp\" \/>\n<meta name=\"twitter:label1\" content=\"Written by\" \/>\n\t<meta name=\"twitter:data1\" content=\"Belen Carrillo\" \/>\n\t<meta name=\"twitter:label2\" content=\"Est. reading time\" \/>\n\t<meta name=\"twitter:data2\" content=\"11 minutes\" \/>\n<script type=\"application\/ld+json\" class=\"yoast-schema-graph\">{\"@context\":\"https:\/\/schema.org\",\"@graph\":[{\"@type\":\"Article\",\"@id\":\"https:\/\/factorialhr.co\/blog\/ausentismo-laboral-colombia\/#article\",\"isPartOf\":{\"@id\":\"https:\/\/factorialhr.co\/blog\/ausentismo-laboral-colombia\/\"},\"author\":{\"name\":\"Belen Carrillo\",\"@id\":\"https:\/\/factorialhr.co\/blog\/#\/schema\/person\/be7abeac9a55be07eaa1aac4d55606d1\"},\"headline\":\"Ausentismo laboral en Colombia: causas, costos y c\u00f3mo gestionarlo desde RR. HH.\",\"datePublished\":\"2026-07-09T15:45:49+00:00\",\"dateModified\":\"2026-08-02T12:22:57+00:00\",\"mainEntityOfPage\":{\"@id\":\"https:\/\/factorialhr.co\/blog\/ausentismo-laboral-colombia\/\"},\"wordCount\":2551,\"publisher\":{\"@id\":\"https:\/\/factorialhr.co\/blog\/#organization\"},\"articleSection\":[\"Leyes laborales\"],\"inLanguage\":\"es-CO\"},{\"@type\":\"WebPage\",\"@id\":\"https:\/\/factorialhr.co\/blog\/ausentismo-laboral-colombia\/\",\"url\":\"https:\/\/factorialhr.co\/blog\/ausentismo-laboral-colombia\/\",\"name\":\"Ausentismo laboral en Colombia: causas y soluciones\",\"isPartOf\":{\"@id\":\"https:\/\/factorialhr.co\/blog\/#website\"},\"datePublished\":\"2026-07-09T15:45:49+00:00\",\"dateModified\":\"2026-08-02T12:22:57+00:00\",\"description\":\"Descubre qu\u00e9 causa el ausentismo laboral en Colombia, su costo real y c\u00f3mo reducirlo con datos, normativa CST y buenas pr\u00e1cticas de RR. HH.\",\"inLanguage\":\"es-CO\",\"potentialAction\":[{\"@type\":\"ReadAction\",\"target\":[\"https:\/\/factorialhr.co\/blog\/ausentismo-laboral-colombia\/\"]}]},{\"@type\":\"WebSite\",\"@id\":\"https:\/\/factorialhr.co\/blog\/#website\",\"url\":\"https:\/\/factorialhr.co\/blog\/\",\"name\":\"Factorial\",\"description\":\"\",\"publisher\":{\"@id\":\"https:\/\/factorialhr.co\/blog\/#organization\"},\"potentialAction\":[{\"@type\":\"SearchAction\",\"target\":{\"@type\":\"EntryPoint\",\"urlTemplate\":\"https:\/\/factorialhr.co\/blog\/?s={search_term_string}\"},\"query-input\":\"required name=search_term_string\"}],\"inLanguage\":\"es-CO\"},{\"@type\":\"Organization\",\"@id\":\"https:\/\/factorialhr.co\/blog\/#organization\",\"name\":\"All-in-one business management software - Factorial\",\"url\":\"https:\/\/factorialhr.co\/blog\/\",\"logo\":{\"@type\":\"ImageObject\",\"inLanguage\":\"es-CO\",\"@id\":\"https:\/\/factorialhr.co\/blog\/#\/schema\/logo\/image\/\",\"url\":\"https:\/\/factorialhr.co\/wp-content\/uploads\/2023\/07\/18155144\/factorial-logo.png\",\"contentUrl\":\"https:\/\/factorialhr.co\/wp-content\/uploads\/2023\/07\/18155144\/factorial-logo.png\",\"width\":946,\"height\":880,\"caption\":\"All-in-one business management software - Factorial\"},\"image\":{\"@id\":\"https:\/\/factorialhr.co\/blog\/#\/schema\/logo\/image\/\"},\"sameAs\":[\"https:\/\/www.facebook.com\/people\/Factorial\/100064908455810\/\",\"https:\/\/twitter.com\/factorialapp\",\"https:\/\/www.linkedin.com\/company\/factorialhr\",\"https:\/\/www.youtube.com\/@factorialmedia\",\"https:\/\/www.instagram.com\/factorial\/#\"]},{\"@type\":\"Person\",\"@id\":\"https:\/\/factorialhr.co\/blog\/#\/schema\/person\/be7abeac9a55be07eaa1aac4d55606d1\",\"name\":\"Belen Carrillo\",\"image\":{\"@type\":\"ImageObject\",\"inLanguage\":\"es-CO\",\"@id\":\"https:\/\/factorialhr.co\/blog\/#\/schema\/person\/image\/\",\"url\":\"https:\/\/secure.gravatar.com\/avatar\/30cf09fb05abf5c6e8de4735b0b71bf5?s=96&d=identicon&r=g\",\"contentUrl\":\"https:\/\/secure.gravatar.com\/avatar\/30cf09fb05abf5c6e8de4735b0b71bf5?s=96&d=identicon&r=g\",\"caption\":\"Belen Carrillo\"},\"url\":\"https:\/\/factorialhr.co\/blog\/author\/belen-carrillo\/\"}]}<\/script>\n<!-- \/ Yoast SEO Premium plugin. -->","yoast_head_json":{"title":"Ausentismo laboral en Colombia: causas y soluciones","description":"Descubre qu\u00e9 causa el ausentismo laboral en Colombia, su costo real y c\u00f3mo reducirlo con datos, normativa CST y buenas pr\u00e1cticas de RR. HH.","robots":{"index":"index","follow":"follow","max-snippet":"max-snippet:-1","max-image-preview":"max-image-preview:large","max-video-preview":"max-video-preview:-1"},"canonical":"https:\/\/factorialhr.co\/blog\/ausentismo-laboral-colombia\/","og_locale":"es_ES","og_type":"article","og_title":"Ausentismo laboral en Colombia: causas, costos y c\u00f3mo gestionarlo desde RR. HH.","og_description":"Descubre qu\u00e9 causa el ausentismo laboral en Colombia, su costo real y c\u00f3mo reducirlo con datos, normativa CST y buenas pr\u00e1cticas de RR. HH.","og_url":"https:\/\/factorialhr.co\/blog\/ausentismo-laboral-colombia\/","og_site_name":"Factorial","article_publisher":"https:\/\/www.facebook.com\/people\/Factorial\/100064908455810\/","article_published_time":"2026-07-09T15:45:49+00:00","article_modified_time":"2026-08-02T12:22:57+00:00","author":"Belen Carrillo","twitter_card":"summary_large_image","twitter_creator":"@factorialapp","twitter_site":"@factorialapp","twitter_misc":{"Written by":"Belen Carrillo","Est. reading time":"11 minutes"},"schema":{"@context":"https:\/\/schema.org","@graph":[{"@type":"Article","@id":"https:\/\/factorialhr.co\/blog\/ausentismo-laboral-colombia\/#article","isPartOf":{"@id":"https:\/\/factorialhr.co\/blog\/ausentismo-laboral-colombia\/"},"author":{"name":"Belen Carrillo","@id":"https:\/\/factorialhr.co\/blog\/#\/schema\/person\/be7abeac9a55be07eaa1aac4d55606d1"},"headline":"Ausentismo laboral en Colombia: causas, costos y c\u00f3mo gestionarlo desde RR. HH.","datePublished":"2026-07-09T15:45:49+00:00","dateModified":"2026-08-02T12:22:57+00:00","mainEntityOfPage":{"@id":"https:\/\/factorialhr.co\/blog\/ausentismo-laboral-colombia\/"},"wordCount":2551,"publisher":{"@id":"https:\/\/factorialhr.co\/blog\/#organization"},"articleSection":["Leyes laborales"],"inLanguage":"es-CO"},{"@type":"WebPage","@id":"https:\/\/factorialhr.co\/blog\/ausentismo-laboral-colombia\/","url":"https:\/\/factorialhr.co\/blog\/ausentismo-laboral-colombia\/","name":"Ausentismo laboral en Colombia: causas y soluciones","isPartOf":{"@id":"https:\/\/factorialhr.co\/blog\/#website"},"datePublished":"2026-07-09T15:45:49+00:00","dateModified":"2026-08-02T12:22:57+00:00","description":"Descubre qu\u00e9 causa el ausentismo laboral en Colombia, su costo real y c\u00f3mo reducirlo con datos, normativa CST y buenas pr\u00e1cticas de RR. HH.","inLanguage":"es-CO","potentialAction":[{"@type":"ReadAction","target":["https:\/\/factorialhr.co\/blog\/ausentismo-laboral-colombia\/"]}]},{"@type":"WebSite","@id":"https:\/\/factorialhr.co\/blog\/#website","url":"https:\/\/factorialhr.co\/blog\/","name":"Factorial","description":"","publisher":{"@id":"https:\/\/factorialhr.co\/blog\/#organization"},"potentialAction":[{"@type":"SearchAction","target":{"@type":"EntryPoint","urlTemplate":"https:\/\/factorialhr.co\/blog\/?s={search_term_string}"},"query-input":"required name=search_term_string"}],"inLanguage":"es-CO"},{"@type":"Organization","@id":"https:\/\/factorialhr.co\/blog\/#organization","name":"All-in-one business management software - Factorial","url":"https:\/\/factorialhr.co\/blog\/","logo":{"@type":"ImageObject","inLanguage":"es-CO","@id":"https:\/\/factorialhr.co\/blog\/#\/schema\/logo\/image\/","url":"https:\/\/factorialhr.co\/wp-content\/uploads\/2023\/07\/18155144\/factorial-logo.png","contentUrl":"https:\/\/factorialhr.co\/wp-content\/uploads\/2023\/07\/18155144\/factorial-logo.png","width":946,"height":880,"caption":"All-in-one business management software - Factorial"},"image":{"@id":"https:\/\/factorialhr.co\/blog\/#\/schema\/logo\/image\/"},"sameAs":["https:\/\/www.facebook.com\/people\/Factorial\/100064908455810\/","https:\/\/twitter.com\/factorialapp","https:\/\/www.linkedin.com\/company\/factorialhr","https:\/\/www.youtube.com\/@factorialmedia","https:\/\/www.instagram.com\/factorial\/#"]},{"@type":"Person","@id":"https:\/\/factorialhr.co\/blog\/#\/schema\/person\/be7abeac9a55be07eaa1aac4d55606d1","name":"Belen Carrillo","image":{"@type":"ImageObject","inLanguage":"es-CO","@id":"https:\/\/factorialhr.co\/blog\/#\/schema\/person\/image\/","url":"https:\/\/secure.gravatar.com\/avatar\/30cf09fb05abf5c6e8de4735b0b71bf5?s=96&d=identicon&r=g","contentUrl":"https:\/\/secure.gravatar.com\/avatar\/30cf09fb05abf5c6e8de4735b0b71bf5?s=96&d=identicon&r=g","caption":"Belen Carrillo"},"url":"https:\/\/factorialhr.co\/blog\/author\/belen-carrillo\/"}]}},"_links":{"self":[{"href":"https:\/\/factorialhr.co\/blog\/wp-json\/wp\/v2\/posts\/194880"}],"collection":[{"href":"https:\/\/factorialhr.co\/blog\/wp-json\/wp\/v2\/posts"}],"about":[{"href":"https:\/\/factorialhr.co\/blog\/wp-json\/wp\/v2\/types\/post"}],"author":[{"embeddable":true,"href":"https:\/\/factorialhr.co\/blog\/wp-json\/wp\/v2\/users\/362"}],"replies":[{"embeddable":true,"href":"https:\/\/factorialhr.co\/blog\/wp-json\/wp\/v2\/comments?post=194880"}],"version-history":[{"count":4,"href":"https:\/\/factorialhr.co\/blog\/wp-json\/wp\/v2\/posts\/194880\/revisions"}],"predecessor-version":[{"id":197144,"href":"https:\/\/factorialhr.co\/blog\/wp-json\/wp\/v2\/posts\/194880\/revisions\/197144"}],"wp:attachment":[{"href":"https:\/\/factorialhr.co\/blog\/wp-json\/wp\/v2\/media?parent=194880"}],"wp:term":[{"taxonomy":"category","embeddable":true,"href":"https:\/\/factorialhr.co\/blog\/wp-json\/wp\/v2\/categories?post=194880"},{"taxonomy":"post_tag","embeddable":true,"href":"https:\/\/factorialhr.co\/blog\/wp-json\/wp\/v2\/tags?post=194880"}],"curies":[{"name":"wp","href":"https:\/\/api.w.org\/{rel}","templated":true}]}}